{"id":7609,"date":"2024-02-20T11:15:39","date_gmt":"2024-02-20T11:15:39","guid":{"rendered":"https:\/\/trayectoriadeportiva.com\/index.php\/2024\/02\/20\/el-barca-se-mide-al-peniscola-con-la-final-four-en-el-horizonte\/"},"modified":"2024-02-20T11:15:39","modified_gmt":"2024-02-20T11:15:39","slug":"el-barca-se-mide-al-peniscola-con-la-final-four-en-el-horizonte","status":"publish","type":"post","link":"https:\/\/trayectoriadeportiva.com\/index.php\/2024\/02\/20\/el-barca-se-mide-al-peniscola-con-la-final-four-en-el-horizonte\/","title":{"rendered":"El Bar\u00e7a se mide al Pe\u00f1\u00edscola con la &#8216;Final Four&#8217; en el horizonte"},"content":{"rendered":"<p>El FC Barcelona visita este martes a las 20:30 h al Pe\u00f1\u00edscola para disputar los cuartos de final de la Copa del Rey. La eliminatoria es a un \u00fanico partido, por lo que el vencedor de \u00e9sta se clasificar\u00e1 directamente para la &#8216;Final Four&#8217;.\u00a0<\/p>\n<p><a href=\"https:\/\/www.lavanguardia.com\/deportes\/fc-barcelona\/20240220\/9524249\/el-barca-se-mide-al-peniscola-con-la-final-four-en-el-horizonte-copa-del-rey-futsal-futbol-sala.html\">Seguir leyendo&#8230;<\/a><\/p>","protected":false},"excerpt":{"rendered":"<p>El FC Barcelona visita este martes a las 20:30 h al Pe\u00f1\u00edscola para disputar los cuartos de final de la Copa del Rey. La eliminatoria es a un \u00fanico partido, por lo que el vencedor de \u00e9sta se clasificar\u00e1 directamente para la &#8216;Final Four&#8217;.\u00a0 Seguir leyendo&#8230;<\/p>\n","protected":false},"author":0,"featured_media":7610,"comment_status":"","ping_status":"","sticky":false,"template":"","format":"standard","meta":{"_et_pb_use_builder":"","_et_pb_old_content":"","_et_gb_content_width":"","footnotes":""},"categories":[1],"tags":[],"class_list":["post-7609","post","type-post","status-publish","format-standard","has-post-thumbnail","hentry","category-blog","et-has-post-format-content","et_post_format-et-post-format-standard"],"_links":{"self":[{"href":"https:\/\/trayectoriadeportiva.com\/index.php\/wp-json\/wp\/v2\/posts\/7609","targetHints":{"allow":["GET"]}}],"collection":[{"href":"https:\/\/trayectoriadeportiva.com\/index.php\/wp-json\/wp\/v2\/posts"}],"about":[{"href":"https:\/\/trayectoriadeportiva.com\/index.php\/wp-json\/wp\/v2\/types\/post"}],"replies":[{"embeddable":true,"href":"https:\/\/trayectoriadeportiva.com\/index.php\/wp-json\/wp\/v2\/comments?post=7609"}],"version-history":[{"count":0,"href":"https:\/\/trayectoriadeportiva.com\/index.php\/wp-json\/wp\/v2\/posts\/7609\/revisions"}],"wp:featuredmedia":[{"embeddable":true,"href":"https:\/\/trayectoriadeportiva.com\/index.php\/wp-json\/wp\/v2\/media\/7610"}],"wp:attachment":[{"href":"https:\/\/trayectoriadeportiva.com\/index.php\/wp-json\/wp\/v2\/media?parent=7609"}],"wp:term":[{"taxonomy":"category","embeddable":true,"href":"https:\/\/trayectoriadeportiva.com\/index.php\/wp-json\/wp\/v2\/categories?post=7609"},{"taxonomy":"post_tag","embeddable":true,"href":"https:\/\/trayectoriadeportiva.com\/index.php\/wp-json\/wp\/v2\/tags?post=7609"}],"curies":[{"name":"wp","href":"https:\/\/api.w.org\/{rel}","templated":true}]}}