{"id":7619,"date":"2024-02-20T17:46:12","date_gmt":"2024-02-20T17:46:12","guid":{"rendered":"https:\/\/trayectoriadeportiva.com\/index.php\/2024\/02\/20\/ataque-furibundo-de-frenkie-de-jong-a-la-prensa\/"},"modified":"2024-02-20T17:46:12","modified_gmt":"2024-02-20T17:46:12","slug":"ataque-furibundo-de-frenkie-de-jong-a-la-prensa","status":"publish","type":"post","link":"https:\/\/trayectoriadeportiva.com\/index.php\/2024\/02\/20\/ataque-furibundo-de-frenkie-de-jong-a-la-prensa\/","title":{"rendered":"Ataque furibundo de Frenkie de Jong a la prensa"},"content":{"rendered":"<p>\u00a0Frenkie de Jong, de 26 a\u00f1os, est\u00e1 en una nueva encrucijada. Centrocampista de poca notoriedad estad\u00edstica (goles y asistencias)  pero titular indiscutible, al neerland\u00e9s se le vuelve a colocar en el mercado como ya sucedi\u00f3 hace dos veranos sin su consentimiento. El club necesita ingresos y, sin ideas imaginativas, recurre a la venta de sus futbolistas con mejor cartel.<\/p>\n<p><a href=\"https:\/\/www.lavanguardia.com\/deportes\/fc-barcelona\/20240220\/9524679\/jong.html\">Seguir leyendo&#8230;<\/a><\/p>","protected":false},"excerpt":{"rendered":"<p>\u00a0Frenkie de Jong, de 26 a\u00f1os, est\u00e1 en una nueva encrucijada. Centrocampista de poca notoriedad estad\u00edstica (goles y asistencias) pero titular indiscutible, al neerland\u00e9s se le vuelve a colocar en el mercado como ya sucedi\u00f3 hace dos veranos sin su consentimiento. El club necesita ingresos y, sin ideas imaginativas, recurre a la venta de sus [&hellip;]<\/p>\n","protected":false},"author":0,"featured_media":7620,"comment_status":"","ping_status":"","sticky":false,"template":"","format":"standard","meta":{"_et_pb_use_builder":"","_et_pb_old_content":"","_et_gb_content_width":"","footnotes":""},"categories":[1],"tags":[],"class_list":["post-7619","post","type-post","status-publish","format-standard","has-post-thumbnail","hentry","category-blog","et-has-post-format-content","et_post_format-et-post-format-standard"],"_links":{"self":[{"href":"https:\/\/trayectoriadeportiva.com\/index.php\/wp-json\/wp\/v2\/posts\/7619","targetHints":{"allow":["GET"]}}],"collection":[{"href":"https:\/\/trayectoriadeportiva.com\/index.php\/wp-json\/wp\/v2\/posts"}],"about":[{"href":"https:\/\/trayectoriadeportiva.com\/index.php\/wp-json\/wp\/v2\/types\/post"}],"replies":[{"embeddable":true,"href":"https:\/\/trayectoriadeportiva.com\/index.php\/wp-json\/wp\/v2\/comments?post=7619"}],"version-history":[{"count":0,"href":"https:\/\/trayectoriadeportiva.com\/index.php\/wp-json\/wp\/v2\/posts\/7619\/revisions"}],"wp:featuredmedia":[{"embeddable":true,"href":"https:\/\/trayectoriadeportiva.com\/index.php\/wp-json\/wp\/v2\/media\/7620"}],"wp:attachment":[{"href":"https:\/\/trayectoriadeportiva.com\/index.php\/wp-json\/wp\/v2\/media?parent=7619"}],"wp:term":[{"taxonomy":"category","embeddable":true,"href":"https:\/\/trayectoriadeportiva.com\/index.php\/wp-json\/wp\/v2\/categories?post=7619"},{"taxonomy":"post_tag","embeddable":true,"href":"https:\/\/trayectoriadeportiva.com\/index.php\/wp-json\/wp\/v2\/tags?post=7619"}],"curies":[{"name":"wp","href":"https:\/\/api.w.org\/{rel}","templated":true}]}}