{"id":7714,"date":"2024-02-22T17:29:55","date_gmt":"2024-02-22T17:29:55","guid":{"rendered":"https:\/\/trayectoriadeportiva.com\/index.php\/2024\/02\/22\/tome-primero-comunicare-la-lista-al-equipo-no-queremos-dar-pistas-al-rival\/"},"modified":"2024-02-22T17:29:55","modified_gmt":"2024-02-22T17:29:55","slug":"tome-primero-comunicare-la-lista-al-equipo-no-queremos-dar-pistas-al-rival","status":"publish","type":"post","link":"https:\/\/trayectoriadeportiva.com\/index.php\/2024\/02\/22\/tome-primero-comunicare-la-lista-al-equipo-no-queremos-dar-pistas-al-rival\/","title":{"rendered":"Tom\u00e9: &#8220;Primero comunicar\u00e9 la lista al equipo, no queremos dar pistas al rival&#8221;"},"content":{"rendered":"<p>Pese a ser &#8220;el partido m\u00e1s importante en suelo espa\u00f1ol&#8221; de la selecci\u00f3n femenina, el que la enfrentar\u00e1 este viernes a Pa\u00edses Bajos (21h) en las semifinales de la final four de la Nations League, en la rueda de prensa previa pr\u00e1cticamente todo el protagonismo recay\u00f3 en Alexia Putellas.\u00a0\u00a0<\/p>\n<p><a href=\"https:\/\/www.lavanguardia.com\/deportes\/futbol-femenino\/20240222\/9526054\/tome-espana-alexia-final-four-nations-league-semifinales-paises-bajos.html\">Seguir leyendo&#8230;<\/a><\/p>","protected":false},"excerpt":{"rendered":"<p>Pese a ser &#8220;el partido m\u00e1s importante en suelo espa\u00f1ol&#8221; de la selecci\u00f3n femenina, el que la enfrentar\u00e1 este viernes a Pa\u00edses Bajos (21h) en las semifinales de la final four de la Nations League, en la rueda de prensa previa pr\u00e1cticamente todo el protagonismo recay\u00f3 en Alexia Putellas.\u00a0\u00a0 Seguir leyendo&#8230;<\/p>\n","protected":false},"author":0,"featured_media":7715,"comment_status":"","ping_status":"","sticky":false,"template":"","format":"standard","meta":{"_et_pb_use_builder":"","_et_pb_old_content":"","_et_gb_content_width":"","footnotes":""},"categories":[1],"tags":[],"class_list":["post-7714","post","type-post","status-publish","format-standard","has-post-thumbnail","hentry","category-blog","et-has-post-format-content","et_post_format-et-post-format-standard"],"_links":{"self":[{"href":"https:\/\/trayectoriadeportiva.com\/index.php\/wp-json\/wp\/v2\/posts\/7714","targetHints":{"allow":["GET"]}}],"collection":[{"href":"https:\/\/trayectoriadeportiva.com\/index.php\/wp-json\/wp\/v2\/posts"}],"about":[{"href":"https:\/\/trayectoriadeportiva.com\/index.php\/wp-json\/wp\/v2\/types\/post"}],"replies":[{"embeddable":true,"href":"https:\/\/trayectoriadeportiva.com\/index.php\/wp-json\/wp\/v2\/comments?post=7714"}],"version-history":[{"count":0,"href":"https:\/\/trayectoriadeportiva.com\/index.php\/wp-json\/wp\/v2\/posts\/7714\/revisions"}],"wp:featuredmedia":[{"embeddable":true,"href":"https:\/\/trayectoriadeportiva.com\/index.php\/wp-json\/wp\/v2\/media\/7715"}],"wp:attachment":[{"href":"https:\/\/trayectoriadeportiva.com\/index.php\/wp-json\/wp\/v2\/media?parent=7714"}],"wp:term":[{"taxonomy":"category","embeddable":true,"href":"https:\/\/trayectoriadeportiva.com\/index.php\/wp-json\/wp\/v2\/categories?post=7714"},{"taxonomy":"post_tag","embeddable":true,"href":"https:\/\/trayectoriadeportiva.com\/index.php\/wp-json\/wp\/v2\/tags?post=7714"}],"curies":[{"name":"wp","href":"https:\/\/api.w.org\/{rel}","templated":true}]}}