{"id":7929,"date":"2024-02-26T22:26:13","date_gmt":"2024-02-26T22:26:13","guid":{"rendered":"https:\/\/trayectoriadeportiva.com\/index.php\/2024\/02\/26\/el-girona-vuelve-a-sonreir\/"},"modified":"2024-02-26T22:26:13","modified_gmt":"2024-02-26T22:26:13","slug":"el-girona-vuelve-a-sonreir","status":"publish","type":"post","link":"https:\/\/trayectoriadeportiva.com\/index.php\/2024\/02\/26\/el-girona-vuelve-a-sonreir\/","title":{"rendered":"El Girona vuelve a sonre\u00edr"},"content":{"rendered":"<p>Si el empate en casa contra la Real Sociedad y las dos \u00faltimas derrotas en el Bernab\u00e9u y San Mam\u00e9s podr\u00edan haber generado alg\u00fan tipo de inquietud, el Girona se encarg\u00f3 de disiparla recuperando el camino de la victoria ante la visita del Rayo Vallecano (3-0). El equipo madrile\u00f1o se ha convertido esta temporada en una de las v\u00edctimas preferidas de los gerundenses que ya fueron capaces de ganarles en la primera vuelta y tambi\u00e9n hace unas semanas en el propio Montilivi en la Copa. Ayer repitieron gracias a un gol de Tsygankov en la primera parte y dos de Savinho en el tiempo a\u00f1adido.<\/p>\n<p><a href=\"https:\/\/www.lavanguardia.com\/deportes\/20240226\/9529057\/girona-vuelve-sonreir.html\">Seguir leyendo&#8230;<\/a><\/p>","protected":false},"excerpt":{"rendered":"<p>Si el empate en casa contra la Real Sociedad y las dos \u00faltimas derrotas en el Bernab\u00e9u y San Mam\u00e9s podr\u00edan haber generado alg\u00fan tipo de inquietud, el Girona se encarg\u00f3 de disiparla recuperando el camino de la victoria ante la visita del Rayo Vallecano (3-0). El equipo madrile\u00f1o se ha convertido esta temporada en [&hellip;]<\/p>\n","protected":false},"author":0,"featured_media":7930,"comment_status":"","ping_status":"","sticky":false,"template":"","format":"standard","meta":{"_et_pb_use_builder":"","_et_pb_old_content":"","_et_gb_content_width":"","footnotes":""},"categories":[1],"tags":[],"class_list":["post-7929","post","type-post","status-publish","format-standard","has-post-thumbnail","hentry","category-blog","et-has-post-format-content","et_post_format-et-post-format-standard"],"_links":{"self":[{"href":"https:\/\/trayectoriadeportiva.com\/index.php\/wp-json\/wp\/v2\/posts\/7929","targetHints":{"allow":["GET"]}}],"collection":[{"href":"https:\/\/trayectoriadeportiva.com\/index.php\/wp-json\/wp\/v2\/posts"}],"about":[{"href":"https:\/\/trayectoriadeportiva.com\/index.php\/wp-json\/wp\/v2\/types\/post"}],"replies":[{"embeddable":true,"href":"https:\/\/trayectoriadeportiva.com\/index.php\/wp-json\/wp\/v2\/comments?post=7929"}],"version-history":[{"count":0,"href":"https:\/\/trayectoriadeportiva.com\/index.php\/wp-json\/wp\/v2\/posts\/7929\/revisions"}],"wp:featuredmedia":[{"embeddable":true,"href":"https:\/\/trayectoriadeportiva.com\/index.php\/wp-json\/wp\/v2\/media\/7930"}],"wp:attachment":[{"href":"https:\/\/trayectoriadeportiva.com\/index.php\/wp-json\/wp\/v2\/media?parent=7929"}],"wp:term":[{"taxonomy":"category","embeddable":true,"href":"https:\/\/trayectoriadeportiva.com\/index.php\/wp-json\/wp\/v2\/categories?post=7929"},{"taxonomy":"post_tag","embeddable":true,"href":"https:\/\/trayectoriadeportiva.com\/index.php\/wp-json\/wp\/v2\/tags?post=7929"}],"curies":[{"name":"wp","href":"https:\/\/api.w.org\/{rel}","templated":true}]}}