{"id":7931,"date":"2024-02-27T05:00:00","date_gmt":"2024-02-27T05:00:00","guid":{"rendered":"https:\/\/trayectoriadeportiva.com\/index.php\/2024\/02\/27\/la-gran-paradoja-del-banquillo-del-barca\/"},"modified":"2024-02-27T05:00:00","modified_gmt":"2024-02-27T05:00:00","slug":"la-gran-paradoja-del-banquillo-del-barca","status":"publish","type":"post","link":"https:\/\/trayectoriadeportiva.com\/index.php\/2024\/02\/27\/la-gran-paradoja-del-banquillo-del-barca\/","title":{"rendered":"La gran paradoja del banquillo del Bar\u00e7a"},"content":{"rendered":"<p>&#8220;Siempre a muerte contigo, m\u00edster\u201d, escribi\u00f3 Gavi en sus redes sociales <a href=\"https:\/\/www.lavanguardia.com\/deportes\/fc-barcelona\/20240127\/9507418\/laporta-xavi-barca-villarreal.html\">al poco de que Xavi anunciase que el 30 de junio dejar\u00eda de ser el entrenador del Barcelona<\/a>. Hoy hace un mes de aquella decisi\u00f3n sorprendente e inusual. Desde ese momento la maquinaria para encontrar nuevo inquilino al banquillo del Bar\u00e7a se puso en marcha. El director deportivo blaugrana, Deco, tiene la misi\u00f3n de recopilar informaci\u00f3n de posibles opciones. Por ejemplo, uno de los nombres que ha trascendido es el de su compatriota R\u00faben Amorim, que dirige al Sporting Clube.<\/p>\n<p><a href=\"https:\/\/www.lavanguardia.com\/deportes\/20240227\/9529001\/gran-paradoja-banquillo-barcelona-xavi-laporta-deco.html\">Seguir leyendo&#8230;<\/a><\/p>","protected":false},"excerpt":{"rendered":"<p>&#8220;Siempre a muerte contigo, m\u00edster\u201d, escribi\u00f3 Gavi en sus redes sociales al poco de que Xavi anunciase que el 30 de junio dejar\u00eda de ser el entrenador del Barcelona. Hoy hace un mes de aquella decisi\u00f3n sorprendente e inusual. Desde ese momento la maquinaria para encontrar nuevo inquilino al banquillo del Bar\u00e7a se puso en [&hellip;]<\/p>\n","protected":false},"author":0,"featured_media":7932,"comment_status":"","ping_status":"","sticky":false,"template":"","format":"standard","meta":{"_et_pb_use_builder":"","_et_pb_old_content":"","_et_gb_content_width":"","footnotes":""},"categories":[1],"tags":[],"class_list":["post-7931","post","type-post","status-publish","format-standard","has-post-thumbnail","hentry","category-blog","et-has-post-format-content","et_post_format-et-post-format-standard"],"_links":{"self":[{"href":"https:\/\/trayectoriadeportiva.com\/index.php\/wp-json\/wp\/v2\/posts\/7931","targetHints":{"allow":["GET"]}}],"collection":[{"href":"https:\/\/trayectoriadeportiva.com\/index.php\/wp-json\/wp\/v2\/posts"}],"about":[{"href":"https:\/\/trayectoriadeportiva.com\/index.php\/wp-json\/wp\/v2\/types\/post"}],"replies":[{"embeddable":true,"href":"https:\/\/trayectoriadeportiva.com\/index.php\/wp-json\/wp\/v2\/comments?post=7931"}],"version-history":[{"count":0,"href":"https:\/\/trayectoriadeportiva.com\/index.php\/wp-json\/wp\/v2\/posts\/7931\/revisions"}],"wp:featuredmedia":[{"embeddable":true,"href":"https:\/\/trayectoriadeportiva.com\/index.php\/wp-json\/wp\/v2\/media\/7932"}],"wp:attachment":[{"href":"https:\/\/trayectoriadeportiva.com\/index.php\/wp-json\/wp\/v2\/media?parent=7931"}],"wp:term":[{"taxonomy":"category","embeddable":true,"href":"https:\/\/trayectoriadeportiva.com\/index.php\/wp-json\/wp\/v2\/categories?post=7931"},{"taxonomy":"post_tag","embeddable":true,"href":"https:\/\/trayectoriadeportiva.com\/index.php\/wp-json\/wp\/v2\/tags?post=7931"}],"curies":[{"name":"wp","href":"https:\/\/api.w.org\/{rel}","templated":true}]}}