{"id":7955,"date":"2024-02-27T23:41:08","date_gmt":"2024-02-27T23:41:08","guid":{"rendered":"https:\/\/trayectoriadeportiva.com\/index.php\/2024\/02\/27\/el-mallorca-da-la-sorpresa-y-supera-a-la-real-sociedad-en-los-penaltis\/"},"modified":"2024-02-27T23:41:08","modified_gmt":"2024-02-27T23:41:08","slug":"el-mallorca-da-la-sorpresa-y-supera-a-la-real-sociedad-en-los-penaltis","status":"publish","type":"post","link":"https:\/\/trayectoriadeportiva.com\/index.php\/2024\/02\/27\/el-mallorca-da-la-sorpresa-y-supera-a-la-real-sociedad-en-los-penaltis\/","title":{"rendered":"El Mallorca da la sorpresa y supera a la Real Sociedad en los penaltis"},"content":{"rendered":"<p>El Mallorca rompi\u00f3 los pron\u00f3sticos y se clasific\u00f3 para la final de la Copa, la cuarta final copera de su historia, tras superar en el Reale Arena en los penaltis a la Real Sociedad en un partido muy cerrado, con much\u00edsimas imprecisiones y ocasiones con cuentagotas. El Mallorca se enfrentar\u00e1 el 6 de abril en La Cartuja de Sevilla al ganador de la segunda semifinal entre el Athletic Club y el Atl\u00e9tico que se juega el jueves en San Mam\u00e9s.<\/p>\n<p><a href=\"https:\/\/www.lavanguardia.com\/deportes\/futbol\/20240228\/9530063\/mallorca-da-sorpresa-supera-real-sociedad-penaltis.html\">Seguir leyendo&#8230;<\/a><\/p>","protected":false},"excerpt":{"rendered":"<p>El Mallorca rompi\u00f3 los pron\u00f3sticos y se clasific\u00f3 para la final de la Copa, la cuarta final copera de su historia, tras superar en el Reale Arena en los penaltis a la Real Sociedad en un partido muy cerrado, con much\u00edsimas imprecisiones y ocasiones con cuentagotas. El Mallorca se enfrentar\u00e1 el 6 de abril en [&hellip;]<\/p>\n","protected":false},"author":0,"featured_media":7956,"comment_status":"","ping_status":"","sticky":false,"template":"","format":"standard","meta":{"_et_pb_use_builder":"","_et_pb_old_content":"","_et_gb_content_width":"","footnotes":""},"categories":[1],"tags":[],"class_list":["post-7955","post","type-post","status-publish","format-standard","has-post-thumbnail","hentry","category-blog","et-has-post-format-content","et_post_format-et-post-format-standard"],"_links":{"self":[{"href":"https:\/\/trayectoriadeportiva.com\/index.php\/wp-json\/wp\/v2\/posts\/7955","targetHints":{"allow":["GET"]}}],"collection":[{"href":"https:\/\/trayectoriadeportiva.com\/index.php\/wp-json\/wp\/v2\/posts"}],"about":[{"href":"https:\/\/trayectoriadeportiva.com\/index.php\/wp-json\/wp\/v2\/types\/post"}],"replies":[{"embeddable":true,"href":"https:\/\/trayectoriadeportiva.com\/index.php\/wp-json\/wp\/v2\/comments?post=7955"}],"version-history":[{"count":0,"href":"https:\/\/trayectoriadeportiva.com\/index.php\/wp-json\/wp\/v2\/posts\/7955\/revisions"}],"wp:featuredmedia":[{"embeddable":true,"href":"https:\/\/trayectoriadeportiva.com\/index.php\/wp-json\/wp\/v2\/media\/7956"}],"wp:attachment":[{"href":"https:\/\/trayectoriadeportiva.com\/index.php\/wp-json\/wp\/v2\/media?parent=7955"}],"wp:term":[{"taxonomy":"category","embeddable":true,"href":"https:\/\/trayectoriadeportiva.com\/index.php\/wp-json\/wp\/v2\/categories?post=7955"},{"taxonomy":"post_tag","embeddable":true,"href":"https:\/\/trayectoriadeportiva.com\/index.php\/wp-json\/wp\/v2\/tags?post=7955"}],"curies":[{"name":"wp","href":"https:\/\/api.w.org\/{rel}","templated":true}]}}