{"id":8683,"date":"2024-03-12T04:00:00","date_gmt":"2024-03-12T04:00:00","guid":{"rendered":"https:\/\/trayectoriadeportiva.com\/index.php\/2024\/03\/12\/ave-fenix-manassero\/"},"modified":"2024-03-12T04:00:00","modified_gmt":"2024-03-12T04:00:00","slug":"ave-fenix-manassero","status":"publish","type":"post","link":"https:\/\/trayectoriadeportiva.com\/index.php\/2024\/03\/12\/ave-fenix-manassero\/","title":{"rendered":"Ave f\u00e9nix Manassero"},"content":{"rendered":"<p>El golf y el baloncesto se parecen en poco pero las bonitas historias que han escrito en las \u00faltimas semanas <a href=\"https:\/\/www.lavanguardia.com\/deportes\/baloncesto\/20240226\/9528775\/ricky-rubio-barca-depresion.html\" title='Ricky Rubio: \"He pasado mucho miedo, no sab\u00eda qui\u00e9n era\"'>Ricky Rubio<\/a> y Matteo Manassero (Verona, 1993) comparten varios cap\u00edtulos. Los dos fueron j\u00f3venes prodigios, los dos tuvieron que apartarse de su deporte para afrontar problemas psicol\u00f3gicos de distinta \u00edndole y los dos han protagonizado un emotivo regreso al primer plano.<\/p>\n<p><a href=\"https:\/\/www.lavanguardia.com\/deportes\/golf\/20240312\/9552510\/matteo-manassero-dp-world-tour.html\">Seguir leyendo&#8230;<\/a><\/p>","protected":false},"excerpt":{"rendered":"<p>El golf y el baloncesto se parecen en poco pero las bonitas historias que han escrito en las \u00faltimas semanas Ricky Rubio y Matteo Manassero (Verona, 1993) comparten varios cap\u00edtulos. Los dos fueron j\u00f3venes prodigios, los dos tuvieron que apartarse de su deporte para afrontar problemas psicol\u00f3gicos de distinta \u00edndole y los dos han protagonizado [&hellip;]<\/p>\n","protected":false},"author":0,"featured_media":8684,"comment_status":"","ping_status":"","sticky":false,"template":"","format":"standard","meta":{"_et_pb_use_builder":"","_et_pb_old_content":"","_et_gb_content_width":"","footnotes":""},"categories":[1],"tags":[],"class_list":["post-8683","post","type-post","status-publish","format-standard","has-post-thumbnail","hentry","category-blog","et-has-post-format-content","et_post_format-et-post-format-standard"],"_links":{"self":[{"href":"https:\/\/trayectoriadeportiva.com\/index.php\/wp-json\/wp\/v2\/posts\/8683","targetHints":{"allow":["GET"]}}],"collection":[{"href":"https:\/\/trayectoriadeportiva.com\/index.php\/wp-json\/wp\/v2\/posts"}],"about":[{"href":"https:\/\/trayectoriadeportiva.com\/index.php\/wp-json\/wp\/v2\/types\/post"}],"replies":[{"embeddable":true,"href":"https:\/\/trayectoriadeportiva.com\/index.php\/wp-json\/wp\/v2\/comments?post=8683"}],"version-history":[{"count":0,"href":"https:\/\/trayectoriadeportiva.com\/index.php\/wp-json\/wp\/v2\/posts\/8683\/revisions"}],"wp:featuredmedia":[{"embeddable":true,"href":"https:\/\/trayectoriadeportiva.com\/index.php\/wp-json\/wp\/v2\/media\/8684"}],"wp:attachment":[{"href":"https:\/\/trayectoriadeportiva.com\/index.php\/wp-json\/wp\/v2\/media?parent=8683"}],"wp:term":[{"taxonomy":"category","embeddable":true,"href":"https:\/\/trayectoriadeportiva.com\/index.php\/wp-json\/wp\/v2\/categories?post=8683"},{"taxonomy":"post_tag","embeddable":true,"href":"https:\/\/trayectoriadeportiva.com\/index.php\/wp-json\/wp\/v2\/tags?post=8683"}],"curies":[{"name":"wp","href":"https:\/\/api.w.org\/{rel}","templated":true}]}}