{"id":8689,"date":"2024-03-12T05:00:00","date_gmt":"2024-03-12T05:00:00","guid":{"rendered":"https:\/\/trayectoriadeportiva.com\/index.php\/2024\/03\/12\/las-sensaciones-de-xavi-ante-la-final-contra-el-napoles\/"},"modified":"2024-03-12T05:00:00","modified_gmt":"2024-03-12T05:00:00","slug":"las-sensaciones-de-xavi-ante-la-final-contra-el-napoles","status":"publish","type":"post","link":"https:\/\/trayectoriadeportiva.com\/index.php\/2024\/03\/12\/las-sensaciones-de-xavi-ante-la-final-contra-el-napoles\/","title":{"rendered":"Las sensaciones de Xavi ante la final contra el N\u00e1poles"},"content":{"rendered":"<p>\u201cHace cuatro a\u00f1os que no estamos en cuartos de la Champions. Hace cuatro a\u00f1os que no estamos entre los ocho mejores equipos de Europa. <a href=\"https:\/\/www.lavanguardia.com\/deportes\/fc-barcelona\/20240311\/9550884\/xavi-hernandez-sobre-eliminatoria-napoles-champions-montjuic.html\" title='Xavi: \"Les he dicho a los jugadores que no hay que tener miedo\"'>Y tenemos que verlo como una oportunidad para todos\u201d, asever\u00f3 Xavi Hern\u00e1ndez.<\/a> Como jugador gan\u00f3 cuatro Ligas de Campeones, incluida la \u00faltima hasta la fecha para los azulgrana en la final de Berl\u00edn 2015. Como entrenador del equipo de su vida, ha vivido dos eliminaciones en la fase de grupos. Y desde Qatar, como t\u00e9cnico del Al Sadd, observ\u00f3 c\u00f3mo Quique Seti\u00e9n (2020) y Ronald Koeman (2021) cayeron con el Bar\u00e7a en octavos, justo donde est\u00e1 ahora su equipo. \u201cHay que ser valientes, demostrar que se puede competir despu\u00e9s de tantos a\u00f1os de no estar al nivel\u201d, pidi\u00f3 Xavi. En optimista no le gana nadie.<\/p>\n<p><a href=\"https:\/\/www.lavanguardia.com\/deportes\/fc-barcelona\/20240312\/9552518\/sensaciones-xavi-barca-napoles-champions.html\">Seguir leyendo&#8230;<\/a><\/p>","protected":false},"excerpt":{"rendered":"<p>\u201cHace cuatro a\u00f1os que no estamos en cuartos de la Champions. Hace cuatro a\u00f1os que no estamos entre los ocho mejores equipos de Europa. Y tenemos que verlo como una oportunidad para todos\u201d, asever\u00f3 Xavi Hern\u00e1ndez. Como jugador gan\u00f3 cuatro Ligas de Campeones, incluida la \u00faltima hasta la fecha para los azulgrana en la final [&hellip;]<\/p>\n","protected":false},"author":0,"featured_media":8690,"comment_status":"","ping_status":"","sticky":false,"template":"","format":"standard","meta":{"_et_pb_use_builder":"","_et_pb_old_content":"","_et_gb_content_width":"","footnotes":""},"categories":[1],"tags":[],"class_list":["post-8689","post","type-post","status-publish","format-standard","has-post-thumbnail","hentry","category-blog","et-has-post-format-content","et_post_format-et-post-format-standard"],"_links":{"self":[{"href":"https:\/\/trayectoriadeportiva.com\/index.php\/wp-json\/wp\/v2\/posts\/8689","targetHints":{"allow":["GET"]}}],"collection":[{"href":"https:\/\/trayectoriadeportiva.com\/index.php\/wp-json\/wp\/v2\/posts"}],"about":[{"href":"https:\/\/trayectoriadeportiva.com\/index.php\/wp-json\/wp\/v2\/types\/post"}],"replies":[{"embeddable":true,"href":"https:\/\/trayectoriadeportiva.com\/index.php\/wp-json\/wp\/v2\/comments?post=8689"}],"version-history":[{"count":0,"href":"https:\/\/trayectoriadeportiva.com\/index.php\/wp-json\/wp\/v2\/posts\/8689\/revisions"}],"wp:featuredmedia":[{"embeddable":true,"href":"https:\/\/trayectoriadeportiva.com\/index.php\/wp-json\/wp\/v2\/media\/8690"}],"wp:attachment":[{"href":"https:\/\/trayectoriadeportiva.com\/index.php\/wp-json\/wp\/v2\/media?parent=8689"}],"wp:term":[{"taxonomy":"category","embeddable":true,"href":"https:\/\/trayectoriadeportiva.com\/index.php\/wp-json\/wp\/v2\/categories?post=8689"},{"taxonomy":"post_tag","embeddable":true,"href":"https:\/\/trayectoriadeportiva.com\/index.php\/wp-json\/wp\/v2\/tags?post=8689"}],"curies":[{"name":"wp","href":"https:\/\/api.w.org\/{rel}","templated":true}]}}