{"id":8691,"date":"2024-03-12T05:00:00","date_gmt":"2024-03-12T05:00:00","guid":{"rendered":"https:\/\/trayectoriadeportiva.com\/index.php\/2024\/03\/12\/ter-stegen-una-champions-y-ocho-desilusiones\/"},"modified":"2024-03-12T05:00:00","modified_gmt":"2024-03-12T05:00:00","slug":"ter-stegen-una-champions-y-ocho-desilusiones","status":"publish","type":"post","link":"https:\/\/trayectoriadeportiva.com\/index.php\/2024\/03\/12\/ter-stegen-una-champions-y-ocho-desilusiones\/","title":{"rendered":"Ter Stegen: Una Champions y ocho desilusiones"},"content":{"rendered":"<p>Solo tres porteros han defendido la porter\u00eda del Barcelona en 400 partidos. Y los tres est\u00e1n estrechamente relacionados. Fue precisamente Andoni Zubizarreta (410), en su papel de director deportivo, quien fich\u00f3 a Marc-Andr\u00e9 ter Stegen (400) en el 2014 para sustituir a V\u00edctor Vald\u00e9s (535). \u201cEspero que sean muchos m\u00e1s. Estoy orgulloso de haber portado la camiseta tantas veces\u201d, reflexiona el alem\u00e1n, que tiene contrato hasta el 2028,<a href=\"https:\/\/www.lavanguardia.com\/deportes\/fc-barcelona\/20240311\/9549816\/el-barca-menos-pensado-para-seguir-en-la-champions-napoles.html\" title=\"El Bar\u00e7a menos pensado para seguir en la Champions\"> tras alcanzar la cifra redonda ante el Mallorca.<\/a> Hoy contra el N\u00e1poles tambi\u00e9n cumple 100 en su carrera en competiciones de la UEFA, entre su etapa en el Borussia M\u00f6nchengladbach y la d\u00e9cada en el Bar\u00e7a.<\/p>\n<p><a href=\"https:\/\/www.lavanguardia.com\/deportes\/20240312\/9552491\/champions-ter-stegen-barca-napoles.html\">Seguir leyendo&#8230;<\/a><\/p>","protected":false},"excerpt":{"rendered":"<p>Solo tres porteros han defendido la porter\u00eda del Barcelona en 400 partidos. Y los tres est\u00e1n estrechamente relacionados. Fue precisamente Andoni Zubizarreta (410), en su papel de director deportivo, quien fich\u00f3 a Marc-Andr\u00e9 ter Stegen (400) en el 2014 para sustituir a V\u00edctor Vald\u00e9s (535). \u201cEspero que sean muchos m\u00e1s. Estoy orgulloso de haber portado [&hellip;]<\/p>\n","protected":false},"author":0,"featured_media":8692,"comment_status":"","ping_status":"","sticky":false,"template":"","format":"standard","meta":{"_et_pb_use_builder":"","_et_pb_old_content":"","_et_gb_content_width":"","footnotes":""},"categories":[1],"tags":[],"class_list":["post-8691","post","type-post","status-publish","format-standard","has-post-thumbnail","hentry","category-blog","et-has-post-format-content","et_post_format-et-post-format-standard"],"_links":{"self":[{"href":"https:\/\/trayectoriadeportiva.com\/index.php\/wp-json\/wp\/v2\/posts\/8691","targetHints":{"allow":["GET"]}}],"collection":[{"href":"https:\/\/trayectoriadeportiva.com\/index.php\/wp-json\/wp\/v2\/posts"}],"about":[{"href":"https:\/\/trayectoriadeportiva.com\/index.php\/wp-json\/wp\/v2\/types\/post"}],"replies":[{"embeddable":true,"href":"https:\/\/trayectoriadeportiva.com\/index.php\/wp-json\/wp\/v2\/comments?post=8691"}],"version-history":[{"count":0,"href":"https:\/\/trayectoriadeportiva.com\/index.php\/wp-json\/wp\/v2\/posts\/8691\/revisions"}],"wp:featuredmedia":[{"embeddable":true,"href":"https:\/\/trayectoriadeportiva.com\/index.php\/wp-json\/wp\/v2\/media\/8692"}],"wp:attachment":[{"href":"https:\/\/trayectoriadeportiva.com\/index.php\/wp-json\/wp\/v2\/media?parent=8691"}],"wp:term":[{"taxonomy":"category","embeddable":true,"href":"https:\/\/trayectoriadeportiva.com\/index.php\/wp-json\/wp\/v2\/categories?post=8691"},{"taxonomy":"post_tag","embeddable":true,"href":"https:\/\/trayectoriadeportiva.com\/index.php\/wp-json\/wp\/v2\/tags?post=8691"}],"curies":[{"name":"wp","href":"https:\/\/api.w.org\/{rel}","templated":true}]}}