{"id":8743,"date":"2024-03-13T05:00:00","date_gmt":"2024-03-13T05:00:00","guid":{"rendered":"https:\/\/trayectoriadeportiva.com\/index.php\/2024\/03\/13\/el-barca-con-la-mili-hecha\/"},"modified":"2024-03-13T05:00:00","modified_gmt":"2024-03-13T05:00:00","slug":"el-barca-con-la-mili-hecha","status":"publish","type":"post","link":"https:\/\/trayectoriadeportiva.com\/index.php\/2024\/03\/13\/el-barca-con-la-mili-hecha\/","title":{"rendered":"El Bar\u00e7a, con la mili hecha"},"content":{"rendered":"<p>Escenario de muchos conciertos que ha visto a grandes y viejos rockeros, Montju\u00efc, con la mejor entrada de la temporada (50.301 espectadores, m\u00e1s incluso que en el cl\u00e1sico de octubre), celebr\u00f3 que ver\u00e1 sus primeros cuartos de final de la Champions. Tambi\u00e9n ser\u00e1n los primeros de Lamine Yamal, Cubars\u00ed y Ferm\u00edn, evidentemente. Pero tambi\u00e9n para Ara\u00fajo, Kound\u00e9 o Raphinha, jugadores que a\u00fan nunca hab\u00edan tenido la oportunidad de conocer la zona decisiva de la gran competici\u00f3n europea.<\/p>\n<p><a href=\"https:\/\/www.lavanguardia.com\/deportes\/fc-barcelona\/20240313\/9555951\/barca-mili-hecha.html\">Seguir leyendo&#8230;<\/a><\/p>","protected":false},"excerpt":{"rendered":"<p>Escenario de muchos conciertos que ha visto a grandes y viejos rockeros, Montju\u00efc, con la mejor entrada de la temporada (50.301 espectadores, m\u00e1s incluso que en el cl\u00e1sico de octubre), celebr\u00f3 que ver\u00e1 sus primeros cuartos de final de la Champions. Tambi\u00e9n ser\u00e1n los primeros de Lamine Yamal, Cubars\u00ed y Ferm\u00edn, evidentemente. Pero tambi\u00e9n para [&hellip;]<\/p>\n","protected":false},"author":0,"featured_media":8744,"comment_status":"","ping_status":"","sticky":false,"template":"","format":"standard","meta":{"_et_pb_use_builder":"","_et_pb_old_content":"","_et_gb_content_width":"","footnotes":""},"categories":[1],"tags":[],"class_list":["post-8743","post","type-post","status-publish","format-standard","has-post-thumbnail","hentry","category-blog","et-has-post-format-content","et_post_format-et-post-format-standard"],"_links":{"self":[{"href":"https:\/\/trayectoriadeportiva.com\/index.php\/wp-json\/wp\/v2\/posts\/8743","targetHints":{"allow":["GET"]}}],"collection":[{"href":"https:\/\/trayectoriadeportiva.com\/index.php\/wp-json\/wp\/v2\/posts"}],"about":[{"href":"https:\/\/trayectoriadeportiva.com\/index.php\/wp-json\/wp\/v2\/types\/post"}],"replies":[{"embeddable":true,"href":"https:\/\/trayectoriadeportiva.com\/index.php\/wp-json\/wp\/v2\/comments?post=8743"}],"version-history":[{"count":0,"href":"https:\/\/trayectoriadeportiva.com\/index.php\/wp-json\/wp\/v2\/posts\/8743\/revisions"}],"wp:featuredmedia":[{"embeddable":true,"href":"https:\/\/trayectoriadeportiva.com\/index.php\/wp-json\/wp\/v2\/media\/8744"}],"wp:attachment":[{"href":"https:\/\/trayectoriadeportiva.com\/index.php\/wp-json\/wp\/v2\/media?parent=8743"}],"wp:term":[{"taxonomy":"category","embeddable":true,"href":"https:\/\/trayectoriadeportiva.com\/index.php\/wp-json\/wp\/v2\/categories?post=8743"},{"taxonomy":"post_tag","embeddable":true,"href":"https:\/\/trayectoriadeportiva.com\/index.php\/wp-json\/wp\/v2\/tags?post=8743"}],"curies":[{"name":"wp","href":"https:\/\/api.w.org\/{rel}","templated":true}]}}