{"id":8810,"date":"2024-03-14T11:30:29","date_gmt":"2024-03-14T11:30:29","guid":{"rendered":"https:\/\/trayectoriadeportiva.com\/index.php\/2024\/03\/14\/laporta-mas-solo-que-la-una\/"},"modified":"2024-03-14T11:30:29","modified_gmt":"2024-03-14T11:30:29","slug":"laporta-mas-solo-que-la-una","status":"publish","type":"post","link":"https:\/\/trayectoriadeportiva.com\/index.php\/2024\/03\/14\/laporta-mas-solo-que-la-una\/","title":{"rendered":"Laporta, m\u00e1s solo que la una"},"content":{"rendered":"<p>Un a\u00f1o atr\u00e1s, a finales de abril, el FC Barcelona anunci\u00f3 en una rueda de prensa el, citando la versi\u00f3n oficial, \u201cproyecto de financiaci\u00f3n m\u00e1s importante de la historia\u201d. La operaci\u00f3n abrazaba la totalidad del Espai Bar\u00e7a, incluyendo el Spotify Camp Nou, el Palau Blaugrana y el Campus, por un total de 1.450 millones de euros. En aquella trascendente comparecencia ofrecieron las explicaciones pertinentes el presidente Joan Laporta, el vicepresidente del \u00e1rea ec\u00f3nomica, Eduard Romeu, la directora corporativa, Maribel Mel\u00e9ndez, y el director financiero, Manel del R\u00edo. Hoy, a aquella puesta en escena, de volverse a realizar, le quedar\u00edan la mitad de los actores, de cuarteto a d\u00fao. Mel\u00e9ndez dej\u00f3 su cargo hace tres semanas y Romeu ha seguido sus pasos esta ma\u00f1ana. Laporta est\u00e1 cada vez m\u00e1s solo y a su alrededor el ejecutivo talentoso, que tampoco es que abunde, va bajando del barco esgrimiendo motivos personales pero con un trasfondo de descontento con lo que sucede all\u00e1 dentro.<\/p>\n<p><a href=\"https:\/\/www.lavanguardia.com\/deportes\/fc-barcelona\/20240314\/9559891\/laporta-mas.html\">Seguir leyendo&#8230;<\/a><\/p>","protected":false},"excerpt":{"rendered":"<p>Un a\u00f1o atr\u00e1s, a finales de abril, el FC Barcelona anunci\u00f3 en una rueda de prensa el, citando la versi\u00f3n oficial, \u201cproyecto de financiaci\u00f3n m\u00e1s importante de la historia\u201d. La operaci\u00f3n abrazaba la totalidad del Espai Bar\u00e7a, incluyendo el Spotify Camp Nou, el Palau Blaugrana y el Campus, por un total de 1.450 millones de [&hellip;]<\/p>\n","protected":false},"author":0,"featured_media":8811,"comment_status":"","ping_status":"","sticky":false,"template":"","format":"standard","meta":{"_et_pb_use_builder":"","_et_pb_old_content":"","_et_gb_content_width":"","footnotes":""},"categories":[1],"tags":[],"class_list":["post-8810","post","type-post","status-publish","format-standard","has-post-thumbnail","hentry","category-blog","et-has-post-format-content","et_post_format-et-post-format-standard"],"_links":{"self":[{"href":"https:\/\/trayectoriadeportiva.com\/index.php\/wp-json\/wp\/v2\/posts\/8810","targetHints":{"allow":["GET"]}}],"collection":[{"href":"https:\/\/trayectoriadeportiva.com\/index.php\/wp-json\/wp\/v2\/posts"}],"about":[{"href":"https:\/\/trayectoriadeportiva.com\/index.php\/wp-json\/wp\/v2\/types\/post"}],"replies":[{"embeddable":true,"href":"https:\/\/trayectoriadeportiva.com\/index.php\/wp-json\/wp\/v2\/comments?post=8810"}],"version-history":[{"count":0,"href":"https:\/\/trayectoriadeportiva.com\/index.php\/wp-json\/wp\/v2\/posts\/8810\/revisions"}],"wp:featuredmedia":[{"embeddable":true,"href":"https:\/\/trayectoriadeportiva.com\/index.php\/wp-json\/wp\/v2\/media\/8811"}],"wp:attachment":[{"href":"https:\/\/trayectoriadeportiva.com\/index.php\/wp-json\/wp\/v2\/media?parent=8810"}],"wp:term":[{"taxonomy":"category","embeddable":true,"href":"https:\/\/trayectoriadeportiva.com\/index.php\/wp-json\/wp\/v2\/categories?post=8810"},{"taxonomy":"post_tag","embeddable":true,"href":"https:\/\/trayectoriadeportiva.com\/index.php\/wp-json\/wp\/v2\/tags?post=8810"}],"curies":[{"name":"wp","href":"https:\/\/api.w.org\/{rel}","templated":true}]}}