{"id":901,"date":"2023-10-06T04:00:00","date_gmt":"2023-10-06T04:00:00","guid":{"rendered":"https:\/\/trayectoriadeportiva.com\/index.php\/2023\/10\/06\/olimpicas-pese-a-todo\/"},"modified":"2023-10-06T04:00:00","modified_gmt":"2023-10-06T04:00:00","slug":"olimpicas-pese-a-todo","status":"publish","type":"post","link":"https:\/\/trayectoriadeportiva.com\/index.php\/2023\/10\/06\/olimpicas-pese-a-todo\/","title":{"rendered":"Ol\u00edmpicas pese a todo"},"content":{"rendered":"<p>El 12 de octubre de 1968, se cumplen 55 a\u00f1os, se inauguraron los Juegos Ol\u00edmpicos de M\u00e9xico, unos de los m\u00e1s espectaculares de la historia, con momentos inolvidables como el salto prodigioso de Bob Beamon, la revelaci\u00f3n de Dick Fosbury en el salto de altura o la reivindicaci\u00f3n mundial de los derechos de la poblaci\u00f3n negra, el black power. Se recuerda mucho menos el triste papel de la participaci\u00f3n espa\u00f1ola, que, como ocurri\u00f3 cuatro a\u00f1os antes en Tokio, regres\u00f3 de vac\u00edo. Ni una medalla para una delegaci\u00f3n de 124 atletas. Y a\u00fan menos, vale la pena rescatarlo ahora, el papel que se reservaba entonces a las mujeres deportistas: solo dos acudieron a M\u00e9xico\u201968. Dos nadadoras, Mari Pau Corominas y Pilar von Carsten.<\/p>\n<p><a href=\"https:\/\/www.lavanguardia.com\/deportes\/20231006\/9279043\/olimpicas-pese.html\">Seguir leyendo&#8230;<\/a><\/p>","protected":false},"excerpt":{"rendered":"<p>El 12 de octubre de 1968, se cumplen 55 a\u00f1os, se inauguraron los Juegos Ol\u00edmpicos de M\u00e9xico, unos de los m\u00e1s espectaculares de la historia, con momentos inolvidables como el salto prodigioso de Bob Beamon, la revelaci\u00f3n de Dick Fosbury en el salto de altura o la reivindicaci\u00f3n mundial de los derechos de la poblaci\u00f3n [&hellip;]<\/p>\n","protected":false},"author":0,"featured_media":902,"comment_status":"","ping_status":"","sticky":false,"template":"","format":"standard","meta":{"_et_pb_use_builder":"","_et_pb_old_content":"","_et_gb_content_width":"","footnotes":""},"categories":[1],"tags":[],"class_list":["post-901","post","type-post","status-publish","format-standard","has-post-thumbnail","hentry","category-blog","et-has-post-format-content","et_post_format-et-post-format-standard"],"_links":{"self":[{"href":"https:\/\/trayectoriadeportiva.com\/index.php\/wp-json\/wp\/v2\/posts\/901","targetHints":{"allow":["GET"]}}],"collection":[{"href":"https:\/\/trayectoriadeportiva.com\/index.php\/wp-json\/wp\/v2\/posts"}],"about":[{"href":"https:\/\/trayectoriadeportiva.com\/index.php\/wp-json\/wp\/v2\/types\/post"}],"replies":[{"embeddable":true,"href":"https:\/\/trayectoriadeportiva.com\/index.php\/wp-json\/wp\/v2\/comments?post=901"}],"version-history":[{"count":0,"href":"https:\/\/trayectoriadeportiva.com\/index.php\/wp-json\/wp\/v2\/posts\/901\/revisions"}],"wp:featuredmedia":[{"embeddable":true,"href":"https:\/\/trayectoriadeportiva.com\/index.php\/wp-json\/wp\/v2\/media\/902"}],"wp:attachment":[{"href":"https:\/\/trayectoriadeportiva.com\/index.php\/wp-json\/wp\/v2\/media?parent=901"}],"wp:term":[{"taxonomy":"category","embeddable":true,"href":"https:\/\/trayectoriadeportiva.com\/index.php\/wp-json\/wp\/v2\/categories?post=901"},{"taxonomy":"post_tag","embeddable":true,"href":"https:\/\/trayectoriadeportiva.com\/index.php\/wp-json\/wp\/v2\/tags?post=901"}],"curies":[{"name":"wp","href":"https:\/\/api.w.org\/{rel}","templated":true}]}}