{"id":9024,"date":"2024-03-17T21:24:53","date_gmt":"2024-03-17T21:24:53","guid":{"rendered":"https:\/\/trayectoriadeportiva.com\/index.php\/2024\/03\/17\/xavi-expulsado-ante-el-atletico\/"},"modified":"2024-03-17T21:24:53","modified_gmt":"2024-03-17T21:24:53","slug":"xavi-expulsado-ante-el-atletico","status":"publish","type":"post","link":"https:\/\/trayectoriadeportiva.com\/index.php\/2024\/03\/17\/xavi-expulsado-ante-el-atletico\/","title":{"rendered":"Xavi, expulsado ante el Atl\u00e9tico"},"content":{"rendered":"<p>Xavi Hern\u00e1ndez, siempre vehemente en sus protestas desde la banda, acab\u00f3 expulsado en el partido que enfrent\u00f3 a su Bar\u00e7a contra el Atl\u00e9tico en el C\u00edvitas Metropolitano. El entrenador blaugrana vio una primera tarjeta amarilla en el minuto 41 y apenas unos segundos despu\u00e9s el \u00e1rbitro S\u00e1nchez Mart\u00ednez le ense\u00f1\u00f3 la roja directa.<\/p>\n<p><a href=\"https:\/\/www.lavanguardia.com\/deportes\/fc-barcelona\/20240317\/9567487\/xavi-expulsado-atletico-barcelona.html\">Seguir leyendo&#8230;<\/a><\/p>","protected":false},"excerpt":{"rendered":"<p>Xavi Hern\u00e1ndez, siempre vehemente en sus protestas desde la banda, acab\u00f3 expulsado en el partido que enfrent\u00f3 a su Bar\u00e7a contra el Atl\u00e9tico en el C\u00edvitas Metropolitano. El entrenador blaugrana vio una primera tarjeta amarilla en el minuto 41 y apenas unos segundos despu\u00e9s el \u00e1rbitro S\u00e1nchez Mart\u00ednez le ense\u00f1\u00f3 la roja directa. Seguir leyendo&#8230;<\/p>\n","protected":false},"author":0,"featured_media":9025,"comment_status":"","ping_status":"","sticky":false,"template":"","format":"standard","meta":{"_et_pb_use_builder":"","_et_pb_old_content":"","_et_gb_content_width":"","footnotes":""},"categories":[1],"tags":[],"class_list":["post-9024","post","type-post","status-publish","format-standard","has-post-thumbnail","hentry","category-blog","et-has-post-format-content","et_post_format-et-post-format-standard"],"_links":{"self":[{"href":"https:\/\/trayectoriadeportiva.com\/index.php\/wp-json\/wp\/v2\/posts\/9024","targetHints":{"allow":["GET"]}}],"collection":[{"href":"https:\/\/trayectoriadeportiva.com\/index.php\/wp-json\/wp\/v2\/posts"}],"about":[{"href":"https:\/\/trayectoriadeportiva.com\/index.php\/wp-json\/wp\/v2\/types\/post"}],"replies":[{"embeddable":true,"href":"https:\/\/trayectoriadeportiva.com\/index.php\/wp-json\/wp\/v2\/comments?post=9024"}],"version-history":[{"count":0,"href":"https:\/\/trayectoriadeportiva.com\/index.php\/wp-json\/wp\/v2\/posts\/9024\/revisions"}],"wp:featuredmedia":[{"embeddable":true,"href":"https:\/\/trayectoriadeportiva.com\/index.php\/wp-json\/wp\/v2\/media\/9025"}],"wp:attachment":[{"href":"https:\/\/trayectoriadeportiva.com\/index.php\/wp-json\/wp\/v2\/media?parent=9024"}],"wp:term":[{"taxonomy":"category","embeddable":true,"href":"https:\/\/trayectoriadeportiva.com\/index.php\/wp-json\/wp\/v2\/categories?post=9024"},{"taxonomy":"post_tag","embeddable":true,"href":"https:\/\/trayectoriadeportiva.com\/index.php\/wp-json\/wp\/v2\/tags?post=9024"}],"curies":[{"name":"wp","href":"https:\/\/api.w.org\/{rel}","templated":true}]}}