{"id":9138,"date":"2024-03-20T08:49:56","date_gmt":"2024-03-20T08:49:56","guid":{"rendered":"https:\/\/trayectoriadeportiva.com\/index.php\/2024\/03\/20\/portugal-no-acogera-la-final-del-mundial-2030-que-sera-en-espana-o-marruecos\/"},"modified":"2024-03-20T08:49:56","modified_gmt":"2024-03-20T08:49:56","slug":"portugal-no-acogera-la-final-del-mundial-2030-que-sera-en-espana-o-marruecos","status":"publish","type":"post","link":"https:\/\/trayectoriadeportiva.com\/index.php\/2024\/03\/20\/portugal-no-acogera-la-final-del-mundial-2030-que-sera-en-espana-o-marruecos\/","title":{"rendered":"Portugal no acoger\u00e1 la final del Mundial 2030, que ser\u00e1 en Espa\u00f1a o Marruecos"},"content":{"rendered":"<p>El coordinador de la candidatura conjunta de <a href=\"https:\/\/www.lavanguardia.com\/deportes\/futbol\/20231004\/9275589\/espana-mundial-2030-copa-del-mundo-portugal-marruecos.html\">Espa\u00f1a, Portugal y Marruecos para el Mundial 2030<\/a>, Ant\u00f3nio Laranjo, indic\u00f3 este martes que el pa\u00eds luso no acoger\u00e1 la final del torneo, por lo que <a href=\"https:\/\/www.lavanguardia.com\/deportes\/futbol\/20231005\/9276170\/mundial-2030-espana-naranjito-infantino.html\">ser\u00e1 en Espa\u00f1a o Marruecos<\/a>.<\/p>\n<p><a href=\"https:\/\/www.lavanguardia.com\/deportes\/futbol\/20240320\/9573673\/portugal-final-mundial-2030-espana-marruecos.html\">Seguir leyendo&#8230;<\/a><\/p>","protected":false},"excerpt":{"rendered":"<p>El coordinador de la candidatura conjunta de Espa\u00f1a, Portugal y Marruecos para el Mundial 2030, Ant\u00f3nio Laranjo, indic\u00f3 este martes que el pa\u00eds luso no acoger\u00e1 la final del torneo, por lo que ser\u00e1 en Espa\u00f1a o Marruecos. Seguir leyendo&#8230;<\/p>\n","protected":false},"author":0,"featured_media":9139,"comment_status":"","ping_status":"","sticky":false,"template":"","format":"standard","meta":{"_et_pb_use_builder":"","_et_pb_old_content":"","_et_gb_content_width":"","footnotes":""},"categories":[1],"tags":[],"class_list":["post-9138","post","type-post","status-publish","format-standard","has-post-thumbnail","hentry","category-blog","et-has-post-format-content","et_post_format-et-post-format-standard"],"_links":{"self":[{"href":"https:\/\/trayectoriadeportiva.com\/index.php\/wp-json\/wp\/v2\/posts\/9138","targetHints":{"allow":["GET"]}}],"collection":[{"href":"https:\/\/trayectoriadeportiva.com\/index.php\/wp-json\/wp\/v2\/posts"}],"about":[{"href":"https:\/\/trayectoriadeportiva.com\/index.php\/wp-json\/wp\/v2\/types\/post"}],"replies":[{"embeddable":true,"href":"https:\/\/trayectoriadeportiva.com\/index.php\/wp-json\/wp\/v2\/comments?post=9138"}],"version-history":[{"count":0,"href":"https:\/\/trayectoriadeportiva.com\/index.php\/wp-json\/wp\/v2\/posts\/9138\/revisions"}],"wp:featuredmedia":[{"embeddable":true,"href":"https:\/\/trayectoriadeportiva.com\/index.php\/wp-json\/wp\/v2\/media\/9139"}],"wp:attachment":[{"href":"https:\/\/trayectoriadeportiva.com\/index.php\/wp-json\/wp\/v2\/media?parent=9138"}],"wp:term":[{"taxonomy":"category","embeddable":true,"href":"https:\/\/trayectoriadeportiva.com\/index.php\/wp-json\/wp\/v2\/categories?post=9138"},{"taxonomy":"post_tag","embeddable":true,"href":"https:\/\/trayectoriadeportiva.com\/index.php\/wp-json\/wp\/v2\/tags?post=9138"}],"curies":[{"name":"wp","href":"https:\/\/api.w.org\/{rel}","templated":true}]}}