{"id":9146,"date":"2024-03-20T11:04:08","date_gmt":"2024-03-20T11:04:08","guid":{"rendered":"https:\/\/trayectoriadeportiva.com\/index.php\/2024\/03\/20\/la-uco-registra-la-sede-de-la-federacion-de-futbol-por-contratos-irregulares-en-los-ultimos-5-anos\/"},"modified":"2024-03-20T11:04:08","modified_gmt":"2024-03-20T11:04:08","slug":"la-uco-registra-la-sede-de-la-federacion-de-futbol-por-contratos-irregulares-en-los-ultimos-5-anos","status":"publish","type":"post","link":"https:\/\/trayectoriadeportiva.com\/index.php\/2024\/03\/20\/la-uco-registra-la-sede-de-la-federacion-de-futbol-por-contratos-irregulares-en-los-ultimos-5-anos\/","title":{"rendered":"La UCO registra la sede de la Federaci\u00f3n de F\u00fatbol por contratos irregulares en los \u00faltimos 5 a\u00f1os"},"content":{"rendered":"<p>La Unidad Central Operativa (UCO) de la Guardia Civil est\u00e1 registrando la Real Federaci\u00f3n Espa\u00f1ola de F\u00fatbol en una investigaci\u00f3n relacionada con supuestos contratos irregulares en los \u00faltimos cinco a\u00f1os y ha practicado algunas detenciones, han informado a EFE fuentes de la investigaci\u00f3n.\u00a0En esta investigaci\u00f3n se han practicado algunas detenciones.<\/p>\n<p><a href=\"https:\/\/www.lavanguardia.com\/deportes\/futbol\/20240320\/9574091\/uco-guardia-civil-registra-federacion-futbol-sede-contratos-irregulares.html\">Seguir leyendo&#8230;<\/a><\/p>","protected":false},"excerpt":{"rendered":"<p>La Unidad Central Operativa (UCO) de la Guardia Civil est\u00e1 registrando la Real Federaci\u00f3n Espa\u00f1ola de F\u00fatbol en una investigaci\u00f3n relacionada con supuestos contratos irregulares en los \u00faltimos cinco a\u00f1os y ha practicado algunas detenciones, han informado a EFE fuentes de la investigaci\u00f3n.\u00a0En esta investigaci\u00f3n se han practicado algunas detenciones. Seguir leyendo&#8230;<\/p>\n","protected":false},"author":0,"featured_media":9147,"comment_status":"","ping_status":"","sticky":false,"template":"","format":"standard","meta":{"_et_pb_use_builder":"","_et_pb_old_content":"","_et_gb_content_width":"","footnotes":""},"categories":[1],"tags":[],"class_list":["post-9146","post","type-post","status-publish","format-standard","has-post-thumbnail","hentry","category-blog","et-has-post-format-content","et_post_format-et-post-format-standard"],"_links":{"self":[{"href":"https:\/\/trayectoriadeportiva.com\/index.php\/wp-json\/wp\/v2\/posts\/9146","targetHints":{"allow":["GET"]}}],"collection":[{"href":"https:\/\/trayectoriadeportiva.com\/index.php\/wp-json\/wp\/v2\/posts"}],"about":[{"href":"https:\/\/trayectoriadeportiva.com\/index.php\/wp-json\/wp\/v2\/types\/post"}],"replies":[{"embeddable":true,"href":"https:\/\/trayectoriadeportiva.com\/index.php\/wp-json\/wp\/v2\/comments?post=9146"}],"version-history":[{"count":0,"href":"https:\/\/trayectoriadeportiva.com\/index.php\/wp-json\/wp\/v2\/posts\/9146\/revisions"}],"wp:featuredmedia":[{"embeddable":true,"href":"https:\/\/trayectoriadeportiva.com\/index.php\/wp-json\/wp\/v2\/media\/9147"}],"wp:attachment":[{"href":"https:\/\/trayectoriadeportiva.com\/index.php\/wp-json\/wp\/v2\/media?parent=9146"}],"wp:term":[{"taxonomy":"category","embeddable":true,"href":"https:\/\/trayectoriadeportiva.com\/index.php\/wp-json\/wp\/v2\/categories?post=9146"},{"taxonomy":"post_tag","embeddable":true,"href":"https:\/\/trayectoriadeportiva.com\/index.php\/wp-json\/wp\/v2\/tags?post=9146"}],"curies":[{"name":"wp","href":"https:\/\/api.w.org\/{rel}","templated":true}]}}