{"id":917,"date":"2023-10-06T09:52:49","date_gmt":"2023-10-06T09:52:49","guid":{"rendered":"https:\/\/trayectoriadeportiva.com\/index.php\/2023\/10\/06\/de-la-fuente-siguen-confiando-en-lamine-yamal-y-ferran-torres\/"},"modified":"2023-10-06T09:52:49","modified_gmt":"2023-10-06T09:52:49","slug":"de-la-fuente-siguen-confiando-en-lamine-yamal-y-ferran-torres","status":"publish","type":"post","link":"https:\/\/trayectoriadeportiva.com\/index.php\/2023\/10\/06\/de-la-fuente-siguen-confiando-en-lamine-yamal-y-ferran-torres\/","title":{"rendered":"De la Fuente siguen confiando en Lamine Yamal y Ferran Torres"},"content":{"rendered":"<p>Lamine Yamal ha llegado para quedarse, tambi\u00e9n en la selecci\u00f3n espa\u00f1ola. La joven perla blaugrana, de solo 16 a\u00f1os, que se ha hecho un hueco en el equipo de Xavi Hern\u00e1ndez, vuelve a contar con la confianza del seleccionador Luis de la Fuente para los dos pr\u00f3ximos partidos clasificatorios para la Eurocopa 2024, contra Escocia y Noruega, el 12 y 15 de octubre.<\/p>\n<p><a href=\"https:\/\/www.lavanguardia.com\/deportes\/futbol\/20231006\/9280652\/espana-seleccion-lista-convocados-luis-de-la-fuente-lamine-yamal-ferran-torres-confia.html\">Seguir leyendo&#8230;<\/a><\/p>","protected":false},"excerpt":{"rendered":"<p>Lamine Yamal ha llegado para quedarse, tambi\u00e9n en la selecci\u00f3n espa\u00f1ola. La joven perla blaugrana, de solo 16 a\u00f1os, que se ha hecho un hueco en el equipo de Xavi Hern\u00e1ndez, vuelve a contar con la confianza del seleccionador Luis de la Fuente para los dos pr\u00f3ximos partidos clasificatorios para la Eurocopa 2024, contra Escocia [&hellip;]<\/p>\n","protected":false},"author":0,"featured_media":918,"comment_status":"","ping_status":"","sticky":false,"template":"","format":"standard","meta":{"_et_pb_use_builder":"","_et_pb_old_content":"","_et_gb_content_width":"","footnotes":""},"categories":[1],"tags":[],"class_list":["post-917","post","type-post","status-publish","format-standard","has-post-thumbnail","hentry","category-blog","et-has-post-format-content","et_post_format-et-post-format-standard"],"_links":{"self":[{"href":"https:\/\/trayectoriadeportiva.com\/index.php\/wp-json\/wp\/v2\/posts\/917","targetHints":{"allow":["GET"]}}],"collection":[{"href":"https:\/\/trayectoriadeportiva.com\/index.php\/wp-json\/wp\/v2\/posts"}],"about":[{"href":"https:\/\/trayectoriadeportiva.com\/index.php\/wp-json\/wp\/v2\/types\/post"}],"replies":[{"embeddable":true,"href":"https:\/\/trayectoriadeportiva.com\/index.php\/wp-json\/wp\/v2\/comments?post=917"}],"version-history":[{"count":0,"href":"https:\/\/trayectoriadeportiva.com\/index.php\/wp-json\/wp\/v2\/posts\/917\/revisions"}],"wp:featuredmedia":[{"embeddable":true,"href":"https:\/\/trayectoriadeportiva.com\/index.php\/wp-json\/wp\/v2\/media\/918"}],"wp:attachment":[{"href":"https:\/\/trayectoriadeportiva.com\/index.php\/wp-json\/wp\/v2\/media?parent=917"}],"wp:term":[{"taxonomy":"category","embeddable":true,"href":"https:\/\/trayectoriadeportiva.com\/index.php\/wp-json\/wp\/v2\/categories?post=917"},{"taxonomy":"post_tag","embeddable":true,"href":"https:\/\/trayectoriadeportiva.com\/index.php\/wp-json\/wp\/v2\/tags?post=917"}],"curies":[{"name":"wp","href":"https:\/\/api.w.org\/{rel}","templated":true}]}}