{"id":9226,"date":"2024-03-22T14:32:05","date_gmt":"2024-03-22T14:32:05","guid":{"rendered":"https:\/\/trayectoriadeportiva.com\/index.php\/2024\/03\/22\/iniesta-aclara-su-situacion-fiscal-en-japon\/"},"modified":"2024-03-22T14:32:05","modified_gmt":"2024-03-22T14:32:05","slug":"iniesta-aclara-su-situacion-fiscal-en-japon","status":"publish","type":"post","link":"https:\/\/trayectoriadeportiva.com\/index.php\/2024\/03\/22\/iniesta-aclara-su-situacion-fiscal-en-japon\/","title":{"rendered":"Iniesta aclara su situaci\u00f3n fiscal en Jap\u00f3n"},"content":{"rendered":"<p>Andr\u00e9s Iniesta emiti\u00f3 este viernes un comunicado para realizar aclaraciones sobre su situaci\u00f3n fiscal en Jap\u00f3n ante las informaciones de diversos medios nipones en los que se indica que  las autoridades le reclaman el pago de 580 millones de yenes (unos 3,5 millones de euros) por no haber declarado debidamente sus ingresos durante su estancia en el pa\u00eds.  \u201cAnte las informaciones publicadas en Jap\u00f3n respecto a una reclamaci\u00f3n de la Agencia Tributaria japonesa por una presunta irregularidad fiscal, quiero manifestar que: -El debate de fondo se centra en mi residencia fiscal del a\u00f1o 2018, en cuyo segundo semestre, como es p\u00fablicamente conocido, cambi\u00e9 mi residencia a Jap\u00f3n tras fichar por el Vissel Kobe. -En el ejercicio 2018 present\u00e9 declaraci\u00f3n de renta en Espa\u00f1a, por la renta mundial, acorde a la normativa interna de aplicaci\u00f3n. En los a\u00f1os 2021 y 2022 la autoridad fiscal japonesa abri\u00f3 una inspecci\u00f3n centrada en la discusi\u00f3n acerca de mi residencia fiscal que concluy\u00f3 considerando que era residente fiscal japon\u00e9s por una parte del 2018. La deuda de esta inspecci\u00f3n fue efectivamente satisfecha tambi\u00e9n\u201d.<\/p>\n<p><a href=\"https:\/\/www.lavanguardia.com\/deportes\/futbol\/20240322\/9580412\/iniesta-hacienda-residencia-espana.html\">Seguir leyendo&#8230;<\/a><\/p>","protected":false},"excerpt":{"rendered":"<p>Andr\u00e9s Iniesta emiti\u00f3 este viernes un comunicado para realizar aclaraciones sobre su situaci\u00f3n fiscal en Jap\u00f3n ante las informaciones de diversos medios nipones en los que se indica que las autoridades le reclaman el pago de 580 millones de yenes (unos 3,5 millones de euros) por no haber declarado debidamente sus ingresos durante su estancia [&hellip;]<\/p>\n","protected":false},"author":0,"featured_media":9227,"comment_status":"","ping_status":"","sticky":false,"template":"","format":"standard","meta":{"_et_pb_use_builder":"","_et_pb_old_content":"","_et_gb_content_width":"","footnotes":""},"categories":[1],"tags":[],"class_list":["post-9226","post","type-post","status-publish","format-standard","has-post-thumbnail","hentry","category-blog","et-has-post-format-content","et_post_format-et-post-format-standard"],"_links":{"self":[{"href":"https:\/\/trayectoriadeportiva.com\/index.php\/wp-json\/wp\/v2\/posts\/9226","targetHints":{"allow":["GET"]}}],"collection":[{"href":"https:\/\/trayectoriadeportiva.com\/index.php\/wp-json\/wp\/v2\/posts"}],"about":[{"href":"https:\/\/trayectoriadeportiva.com\/index.php\/wp-json\/wp\/v2\/types\/post"}],"replies":[{"embeddable":true,"href":"https:\/\/trayectoriadeportiva.com\/index.php\/wp-json\/wp\/v2\/comments?post=9226"}],"version-history":[{"count":0,"href":"https:\/\/trayectoriadeportiva.com\/index.php\/wp-json\/wp\/v2\/posts\/9226\/revisions"}],"wp:featuredmedia":[{"embeddable":true,"href":"https:\/\/trayectoriadeportiva.com\/index.php\/wp-json\/wp\/v2\/media\/9227"}],"wp:attachment":[{"href":"https:\/\/trayectoriadeportiva.com\/index.php\/wp-json\/wp\/v2\/media?parent=9226"}],"wp:term":[{"taxonomy":"category","embeddable":true,"href":"https:\/\/trayectoriadeportiva.com\/index.php\/wp-json\/wp\/v2\/categories?post=9226"},{"taxonomy":"post_tag","embeddable":true,"href":"https:\/\/trayectoriadeportiva.com\/index.php\/wp-json\/wp\/v2\/tags?post=9226"}],"curies":[{"name":"wp","href":"https:\/\/api.w.org\/{rel}","templated":true}]}}