{"id":923,"date":"2023-10-06T10:38:09","date_gmt":"2023-10-06T10:38:09","guid":{"rendered":"https:\/\/trayectoriadeportiva.com\/index.php\/2023\/10\/06\/primoz-roglic-deja-el-jumbo-y-ficha-por-el-bora-por-dos-temporadas\/"},"modified":"2023-10-06T10:38:09","modified_gmt":"2023-10-06T10:38:09","slug":"primoz-roglic-deja-el-jumbo-y-ficha-por-el-bora-por-dos-temporadas","status":"publish","type":"post","link":"https:\/\/trayectoriadeportiva.com\/index.php\/2023\/10\/06\/primoz-roglic-deja-el-jumbo-y-ficha-por-el-bora-por-dos-temporadas\/","title":{"rendered":"Primoz Roglic deja el Jumbo y ficha por el Bora por dos temporadas"},"content":{"rendered":"<p>El director del equipo Bora-Hansgrohe, Ralph Denk, ha anunciado este viernes mediante una rueda de prensa virtual una de las noticias m\u00e1s esperadas: que \u201cPrimoz Roglic correr\u00e1 con nosotros los pr\u00f3ximos a\u00f1os\u201d.\u00a0<\/p>\n<p><a href=\"https:\/\/www.lavanguardia.com\/deportes\/ciclismo\/20231006\/9280738\/primoz-roglic-ficha-bora-hansgrohe.html\">Seguir leyendo&#8230;<\/a><\/p>","protected":false},"excerpt":{"rendered":"<p>El director del equipo Bora-Hansgrohe, Ralph Denk, ha anunciado este viernes mediante una rueda de prensa virtual una de las noticias m\u00e1s esperadas: que \u201cPrimoz Roglic correr\u00e1 con nosotros los pr\u00f3ximos a\u00f1os\u201d.\u00a0 Seguir leyendo&#8230;<\/p>\n","protected":false},"author":0,"featured_media":924,"comment_status":"","ping_status":"","sticky":false,"template":"","format":"standard","meta":{"_et_pb_use_builder":"","_et_pb_old_content":"","_et_gb_content_width":"","footnotes":""},"categories":[1],"tags":[],"class_list":["post-923","post","type-post","status-publish","format-standard","has-post-thumbnail","hentry","category-blog","et-has-post-format-content","et_post_format-et-post-format-standard"],"_links":{"self":[{"href":"https:\/\/trayectoriadeportiva.com\/index.php\/wp-json\/wp\/v2\/posts\/923","targetHints":{"allow":["GET"]}}],"collection":[{"href":"https:\/\/trayectoriadeportiva.com\/index.php\/wp-json\/wp\/v2\/posts"}],"about":[{"href":"https:\/\/trayectoriadeportiva.com\/index.php\/wp-json\/wp\/v2\/types\/post"}],"replies":[{"embeddable":true,"href":"https:\/\/trayectoriadeportiva.com\/index.php\/wp-json\/wp\/v2\/comments?post=923"}],"version-history":[{"count":0,"href":"https:\/\/trayectoriadeportiva.com\/index.php\/wp-json\/wp\/v2\/posts\/923\/revisions"}],"wp:featuredmedia":[{"embeddable":true,"href":"https:\/\/trayectoriadeportiva.com\/index.php\/wp-json\/wp\/v2\/media\/924"}],"wp:attachment":[{"href":"https:\/\/trayectoriadeportiva.com\/index.php\/wp-json\/wp\/v2\/media?parent=923"}],"wp:term":[{"taxonomy":"category","embeddable":true,"href":"https:\/\/trayectoriadeportiva.com\/index.php\/wp-json\/wp\/v2\/categories?post=923"},{"taxonomy":"post_tag","embeddable":true,"href":"https:\/\/trayectoriadeportiva.com\/index.php\/wp-json\/wp\/v2\/tags?post=923"}],"curies":[{"name":"wp","href":"https:\/\/api.w.org\/{rel}","templated":true}]}}