{"id":931,"date":"2023-10-06T12:25:01","date_gmt":"2023-10-06T12:25:01","guid":{"rendered":"https:\/\/trayectoriadeportiva.com\/index.php\/2023\/10\/06\/de-la-fuente-compara-a-lamine-yamal-con-messi-o-maradona-no-hay-que-ponerle-limites\/"},"modified":"2023-10-06T12:25:01","modified_gmt":"2023-10-06T12:25:01","slug":"de-la-fuente-compara-a-lamine-yamal-con-messi-o-maradona-no-hay-que-ponerle-limites","status":"publish","type":"post","link":"https:\/\/trayectoriadeportiva.com\/index.php\/2023\/10\/06\/de-la-fuente-compara-a-lamine-yamal-con-messi-o-maradona-no-hay-que-ponerle-limites\/","title":{"rendered":"De la Fuente compara a Lamine Yamal con Messi o Maradona: &#8220;No hay que ponerle l\u00edmites&#8221;"},"content":{"rendered":"<p>Luis de la Fuente defendi\u00f3 con firmeza su confianza ciega en el joven Lamine Yamal, de 16 a\u00f1os, al que <a href=\"https:\/\/www.lavanguardia.com\/deportes\/futbol\/20231006\/9280652\/espana-seleccion-lista-convocados-luis-de-la-fuente-lamine-yamal-ferran-torres-confia.html\">ha vuelto a convocar para la selecci\u00f3n espa\u00f1ola, para los partidos de clasificaci\u00f3n para la Eurocopa 2024 ante Escocia y Noruega<\/a>.<\/p>\n<p><a href=\"https:\/\/www.lavanguardia.com\/deportes\/futbol\/20231006\/9281355\/seleccion-espanola-lamine-yamal-de-la-fuente-lista-compara-messi-maradona-barca-barcelona-espana.html\">Seguir leyendo&#8230;<\/a><\/p>","protected":false},"excerpt":{"rendered":"<p>Luis de la Fuente defendi\u00f3 con firmeza su confianza ciega en el joven Lamine Yamal, de 16 a\u00f1os, al que ha vuelto a convocar para la selecci\u00f3n espa\u00f1ola, para los partidos de clasificaci\u00f3n para la Eurocopa 2024 ante Escocia y Noruega. Seguir leyendo&#8230;<\/p>\n","protected":false},"author":0,"featured_media":932,"comment_status":"","ping_status":"","sticky":false,"template":"","format":"standard","meta":{"_et_pb_use_builder":"","_et_pb_old_content":"","_et_gb_content_width":"","footnotes":""},"categories":[1],"tags":[],"class_list":["post-931","post","type-post","status-publish","format-standard","has-post-thumbnail","hentry","category-blog","et-has-post-format-content","et_post_format-et-post-format-standard"],"_links":{"self":[{"href":"https:\/\/trayectoriadeportiva.com\/index.php\/wp-json\/wp\/v2\/posts\/931","targetHints":{"allow":["GET"]}}],"collection":[{"href":"https:\/\/trayectoriadeportiva.com\/index.php\/wp-json\/wp\/v2\/posts"}],"about":[{"href":"https:\/\/trayectoriadeportiva.com\/index.php\/wp-json\/wp\/v2\/types\/post"}],"replies":[{"embeddable":true,"href":"https:\/\/trayectoriadeportiva.com\/index.php\/wp-json\/wp\/v2\/comments?post=931"}],"version-history":[{"count":0,"href":"https:\/\/trayectoriadeportiva.com\/index.php\/wp-json\/wp\/v2\/posts\/931\/revisions"}],"wp:featuredmedia":[{"embeddable":true,"href":"https:\/\/trayectoriadeportiva.com\/index.php\/wp-json\/wp\/v2\/media\/932"}],"wp:attachment":[{"href":"https:\/\/trayectoriadeportiva.com\/index.php\/wp-json\/wp\/v2\/media?parent=931"}],"wp:term":[{"taxonomy":"category","embeddable":true,"href":"https:\/\/trayectoriadeportiva.com\/index.php\/wp-json\/wp\/v2\/categories?post=931"},{"taxonomy":"post_tag","embeddable":true,"href":"https:\/\/trayectoriadeportiva.com\/index.php\/wp-json\/wp\/v2\/tags?post=931"}],"curies":[{"name":"wp","href":"https:\/\/api.w.org\/{rel}","templated":true}]}}