{"id":9390,"date":"2024-03-27T05:00:00","date_gmt":"2024-03-27T05:00:00","guid":{"rendered":"https:\/\/trayectoriadeportiva.com\/index.php\/2024\/03\/27\/el-barca-pendiente-de-araujo\/"},"modified":"2024-03-27T05:00:00","modified_gmt":"2024-03-27T05:00:00","slug":"el-barca-pendiente-de-araujo","status":"publish","type":"post","link":"https:\/\/trayectoriadeportiva.com\/index.php\/2024\/03\/27\/el-barca-pendiente-de-araujo\/","title":{"rendered":"El Bar\u00e7a, pendiente de Ara\u00fajo"},"content":{"rendered":"<p>Con el permiso del seleccionador uruguayo Marcelo Bielsa, Ronald Ara\u00fajo regres\u00f3 ayer a la din\u00e1mica barcelonista con molestias en el muslo. No se entren\u00f3 con el grupo y pas\u00f3 por los servicios de fisioterapia del club blaugrana para realizarse un tratamiento. Aunque entrar\u00e1 en la lista de convocados para el partido del s\u00e1bado en Montju\u00efc contra Las Palmas de Garc\u00eda Pimienta, Xavi podr\u00eda darle descanso por prevenci\u00f3n. A causa de esas molestias y tambi\u00e9n para evitar sobrecargas, durante su concentraci\u00f3n con la selecci\u00f3n charr\u00faa el central del Barcelona no actu\u00f3 ni en el amistoso frente a Euskadi del pasado s\u00e1bado ni estuvo ayer ante Costa de Marfil en Lens (Francia).<\/p>\n<p><a href=\"https:\/\/www.lavanguardia.com\/deportes\/20240327\/9582956\/fichajes-araujo-renovacion-barca-pendiente.html\">Seguir leyendo&#8230;<\/a><\/p>","protected":false},"excerpt":{"rendered":"<p>Con el permiso del seleccionador uruguayo Marcelo Bielsa, Ronald Ara\u00fajo regres\u00f3 ayer a la din\u00e1mica barcelonista con molestias en el muslo. No se entren\u00f3 con el grupo y pas\u00f3 por los servicios de fisioterapia del club blaugrana para realizarse un tratamiento. Aunque entrar\u00e1 en la lista de convocados para el partido del s\u00e1bado en Montju\u00efc [&hellip;]<\/p>\n","protected":false},"author":0,"featured_media":9391,"comment_status":"","ping_status":"","sticky":false,"template":"","format":"standard","meta":{"_et_pb_use_builder":"","_et_pb_old_content":"","_et_gb_content_width":"","footnotes":""},"categories":[1],"tags":[],"class_list":["post-9390","post","type-post","status-publish","format-standard","has-post-thumbnail","hentry","category-blog","et-has-post-format-content","et_post_format-et-post-format-standard"],"_links":{"self":[{"href":"https:\/\/trayectoriadeportiva.com\/index.php\/wp-json\/wp\/v2\/posts\/9390","targetHints":{"allow":["GET"]}}],"collection":[{"href":"https:\/\/trayectoriadeportiva.com\/index.php\/wp-json\/wp\/v2\/posts"}],"about":[{"href":"https:\/\/trayectoriadeportiva.com\/index.php\/wp-json\/wp\/v2\/types\/post"}],"replies":[{"embeddable":true,"href":"https:\/\/trayectoriadeportiva.com\/index.php\/wp-json\/wp\/v2\/comments?post=9390"}],"version-history":[{"count":0,"href":"https:\/\/trayectoriadeportiva.com\/index.php\/wp-json\/wp\/v2\/posts\/9390\/revisions"}],"wp:featuredmedia":[{"embeddable":true,"href":"https:\/\/trayectoriadeportiva.com\/index.php\/wp-json\/wp\/v2\/media\/9391"}],"wp:attachment":[{"href":"https:\/\/trayectoriadeportiva.com\/index.php\/wp-json\/wp\/v2\/media?parent=9390"}],"wp:term":[{"taxonomy":"category","embeddable":true,"href":"https:\/\/trayectoriadeportiva.com\/index.php\/wp-json\/wp\/v2\/categories?post=9390"},{"taxonomy":"post_tag","embeddable":true,"href":"https:\/\/trayectoriadeportiva.com\/index.php\/wp-json\/wp\/v2\/tags?post=9390"}],"curies":[{"name":"wp","href":"https:\/\/api.w.org\/{rel}","templated":true}]}}