{"id":9688,"date":"2024-04-03T04:00:00","date_gmt":"2024-04-03T04:00:00","guid":{"rendered":"https:\/\/trayectoriadeportiva.com\/index.php\/2024\/04\/03\/pedro-martinez-el-tecnico-que-hace-divertido-lo-desagradable\/"},"modified":"2024-04-03T04:00:00","modified_gmt":"2024-04-03T04:00:00","slug":"pedro-martinez-el-tecnico-que-hace-divertido-lo-desagradable","status":"publish","type":"post","link":"https:\/\/trayectoriadeportiva.com\/index.php\/2024\/04\/03\/pedro-martinez-el-tecnico-que-hace-divertido-lo-desagradable\/","title":{"rendered":"Pedro Mart\u00ednez, el t\u00e9cnico que hace divertido lo desagradable"},"content":{"rendered":"<p>Un cuarto de siglo ha pasado ya pero Carlos Ruf (54) recuerda aquellos d\u00edas como si fueran el ayer: aquellos d\u00edas en los que Pedro Mart\u00ednez (62), entonces un t\u00e9cnico veintea\u00f1ero, hab\u00eda aparecido en el vestuario de los j\u00faniors del Joventut, rompi\u00e9ndoles los esquemas y cambi\u00e1ndoles la vida, tratando a aquellos adolescentes como si fueran profesionales de tomo y lomo.<\/p>\n<p><a href=\"https:\/\/www.lavanguardia.com\/deportes\/baloncesto\/20240403\/9586511\/pedro-martinez-baaxi-manresa-carlos-ruf-real-madrid-acb.html\">Seguir leyendo&#8230;<\/a><\/p>","protected":false},"excerpt":{"rendered":"<p>Un cuarto de siglo ha pasado ya pero Carlos Ruf (54) recuerda aquellos d\u00edas como si fueran el ayer: aquellos d\u00edas en los que Pedro Mart\u00ednez (62), entonces un t\u00e9cnico veintea\u00f1ero, hab\u00eda aparecido en el vestuario de los j\u00faniors del Joventut, rompi\u00e9ndoles los esquemas y cambi\u00e1ndoles la vida, tratando a aquellos adolescentes como si fueran [&hellip;]<\/p>\n","protected":false},"author":0,"featured_media":9689,"comment_status":"","ping_status":"","sticky":false,"template":"","format":"standard","meta":{"_et_pb_use_builder":"","_et_pb_old_content":"","_et_gb_content_width":"","footnotes":""},"categories":[1],"tags":[],"class_list":["post-9688","post","type-post","status-publish","format-standard","has-post-thumbnail","hentry","category-blog","et-has-post-format-content","et_post_format-et-post-format-standard"],"_links":{"self":[{"href":"https:\/\/trayectoriadeportiva.com\/index.php\/wp-json\/wp\/v2\/posts\/9688","targetHints":{"allow":["GET"]}}],"collection":[{"href":"https:\/\/trayectoriadeportiva.com\/index.php\/wp-json\/wp\/v2\/posts"}],"about":[{"href":"https:\/\/trayectoriadeportiva.com\/index.php\/wp-json\/wp\/v2\/types\/post"}],"replies":[{"embeddable":true,"href":"https:\/\/trayectoriadeportiva.com\/index.php\/wp-json\/wp\/v2\/comments?post=9688"}],"version-history":[{"count":0,"href":"https:\/\/trayectoriadeportiva.com\/index.php\/wp-json\/wp\/v2\/posts\/9688\/revisions"}],"wp:featuredmedia":[{"embeddable":true,"href":"https:\/\/trayectoriadeportiva.com\/index.php\/wp-json\/wp\/v2\/media\/9689"}],"wp:attachment":[{"href":"https:\/\/trayectoriadeportiva.com\/index.php\/wp-json\/wp\/v2\/media?parent=9688"}],"wp:term":[{"taxonomy":"category","embeddable":true,"href":"https:\/\/trayectoriadeportiva.com\/index.php\/wp-json\/wp\/v2\/categories?post=9688"},{"taxonomy":"post_tag","embeddable":true,"href":"https:\/\/trayectoriadeportiva.com\/index.php\/wp-json\/wp\/v2\/tags?post=9688"}],"curies":[{"name":"wp","href":"https:\/\/api.w.org\/{rel}","templated":true}]}}