{"id":9746,"date":"2024-04-04T03:27:31","date_gmt":"2024-04-04T03:27:31","guid":{"rendered":"https:\/\/trayectoriadeportiva.com\/index.php\/2024\/04\/04\/elecciones-a-la-vista\/"},"modified":"2024-04-04T03:27:31","modified_gmt":"2024-04-04T03:27:31","slug":"elecciones-a-la-vista","status":"publish","type":"post","link":"https:\/\/trayectoriadeportiva.com\/index.php\/2024\/04\/04\/elecciones-a-la-vista\/","title":{"rendered":"Elecciones a la vista"},"content":{"rendered":"<p>La comisi\u00f3n gestora de la Federaci\u00f3n Espa\u00f1ola de F\u00fatbol acord\u00f3 ayer convocar elecciones a la presidencia en unos comicios que de acuerdo al calendario previsto se celebrar\u00e1n el 6 de mayo siempre que el Tribunal Administrativo del Deporte (TAD) no atienda las impugnaciones previstas. La primera la llev\u00f3 a cabo ayer mismo Miguel \u00c1ngel Gal\u00e1n, presidente de Cenafe, una escuela privada de entrenadores. El TAD se re\u00fane hoy mismo.<\/p>\n<p><a href=\"https:\/\/www.lavanguardia.com\/deportes\/20240404\/9587499\/elecciones-vista.html\">Seguir leyendo&#8230;<\/a><\/p>","protected":false},"excerpt":{"rendered":"<p>La comisi\u00f3n gestora de la Federaci\u00f3n Espa\u00f1ola de F\u00fatbol acord\u00f3 ayer convocar elecciones a la presidencia en unos comicios que de acuerdo al calendario previsto se celebrar\u00e1n el 6 de mayo siempre que el Tribunal Administrativo del Deporte (TAD) no atienda las impugnaciones previstas. La primera la llev\u00f3 a cabo ayer mismo Miguel \u00c1ngel Gal\u00e1n, [&hellip;]<\/p>\n","protected":false},"author":0,"featured_media":9747,"comment_status":"","ping_status":"","sticky":false,"template":"","format":"standard","meta":{"_et_pb_use_builder":"","_et_pb_old_content":"","_et_gb_content_width":"","footnotes":""},"categories":[1],"tags":[],"class_list":["post-9746","post","type-post","status-publish","format-standard","has-post-thumbnail","hentry","category-blog","et-has-post-format-content","et_post_format-et-post-format-standard"],"_links":{"self":[{"href":"https:\/\/trayectoriadeportiva.com\/index.php\/wp-json\/wp\/v2\/posts\/9746","targetHints":{"allow":["GET"]}}],"collection":[{"href":"https:\/\/trayectoriadeportiva.com\/index.php\/wp-json\/wp\/v2\/posts"}],"about":[{"href":"https:\/\/trayectoriadeportiva.com\/index.php\/wp-json\/wp\/v2\/types\/post"}],"replies":[{"embeddable":true,"href":"https:\/\/trayectoriadeportiva.com\/index.php\/wp-json\/wp\/v2\/comments?post=9746"}],"version-history":[{"count":0,"href":"https:\/\/trayectoriadeportiva.com\/index.php\/wp-json\/wp\/v2\/posts\/9746\/revisions"}],"wp:featuredmedia":[{"embeddable":true,"href":"https:\/\/trayectoriadeportiva.com\/index.php\/wp-json\/wp\/v2\/media\/9747"}],"wp:attachment":[{"href":"https:\/\/trayectoriadeportiva.com\/index.php\/wp-json\/wp\/v2\/media?parent=9746"}],"wp:term":[{"taxonomy":"category","embeddable":true,"href":"https:\/\/trayectoriadeportiva.com\/index.php\/wp-json\/wp\/v2\/categories?post=9746"},{"taxonomy":"post_tag","embeddable":true,"href":"https:\/\/trayectoriadeportiva.com\/index.php\/wp-json\/wp\/v2\/tags?post=9746"}],"curies":[{"name":"wp","href":"https:\/\/api.w.org\/{rel}","templated":true}]}}