{"id":9762,"date":"2024-04-04T08:56:30","date_gmt":"2024-04-04T08:56:30","guid":{"rendered":"https:\/\/trayectoriadeportiva.com\/index.php\/2024\/04\/04\/sainz-quiere-decidir-ya-su-futuro-es-el-momento-de-acelerar-y-resolverlo\/"},"modified":"2024-04-04T08:56:30","modified_gmt":"2024-04-04T08:56:30","slug":"sainz-quiere-decidir-ya-su-futuro-es-el-momento-de-acelerar-y-resolverlo","status":"publish","type":"post","link":"https:\/\/trayectoriadeportiva.com\/index.php\/2024\/04\/04\/sainz-quiere-decidir-ya-su-futuro-es-el-momento-de-acelerar-y-resolverlo\/","title":{"rendered":"Sainz quiere decidir ya su futuro: \u201cEs el momento de acelerar y resolverlo\u201d"},"content":{"rendered":"<p>Carlos Sainz ha reconocido que quiere acelerar las conversaciones con los equipos para decidir cuanto antes cu\u00e1l ser\u00e1 su futuro en la F\u00f3rmula 1. El piloto de Ferrari, campe\u00f3n del \u00faltimo GP de Australia, as\u00ed lo ha asegurado a su llegada a Suzuka.<\/p>\n<p><a href=\"https:\/\/www.lavanguardia.com\/deportes\/automovilismo\/20240404\/9587658\/sainz-quiere-decidir-futuro-momento-acelerar-resolverlo.html\">Seguir leyendo&#8230;<\/a><\/p>","protected":false},"excerpt":{"rendered":"<p>Carlos Sainz ha reconocido que quiere acelerar las conversaciones con los equipos para decidir cuanto antes cu\u00e1l ser\u00e1 su futuro en la F\u00f3rmula 1. El piloto de Ferrari, campe\u00f3n del \u00faltimo GP de Australia, as\u00ed lo ha asegurado a su llegada a Suzuka. Seguir leyendo&#8230;<\/p>\n","protected":false},"author":0,"featured_media":9763,"comment_status":"","ping_status":"","sticky":false,"template":"","format":"standard","meta":{"_et_pb_use_builder":"","_et_pb_old_content":"","_et_gb_content_width":"","footnotes":""},"categories":[1],"tags":[],"class_list":["post-9762","post","type-post","status-publish","format-standard","has-post-thumbnail","hentry","category-blog","et-has-post-format-content","et_post_format-et-post-format-standard"],"_links":{"self":[{"href":"https:\/\/trayectoriadeportiva.com\/index.php\/wp-json\/wp\/v2\/posts\/9762","targetHints":{"allow":["GET"]}}],"collection":[{"href":"https:\/\/trayectoriadeportiva.com\/index.php\/wp-json\/wp\/v2\/posts"}],"about":[{"href":"https:\/\/trayectoriadeportiva.com\/index.php\/wp-json\/wp\/v2\/types\/post"}],"replies":[{"embeddable":true,"href":"https:\/\/trayectoriadeportiva.com\/index.php\/wp-json\/wp\/v2\/comments?post=9762"}],"version-history":[{"count":0,"href":"https:\/\/trayectoriadeportiva.com\/index.php\/wp-json\/wp\/v2\/posts\/9762\/revisions"}],"wp:featuredmedia":[{"embeddable":true,"href":"https:\/\/trayectoriadeportiva.com\/index.php\/wp-json\/wp\/v2\/media\/9763"}],"wp:attachment":[{"href":"https:\/\/trayectoriadeportiva.com\/index.php\/wp-json\/wp\/v2\/media?parent=9762"}],"wp:term":[{"taxonomy":"category","embeddable":true,"href":"https:\/\/trayectoriadeportiva.com\/index.php\/wp-json\/wp\/v2\/categories?post=9762"},{"taxonomy":"post_tag","embeddable":true,"href":"https:\/\/trayectoriadeportiva.com\/index.php\/wp-json\/wp\/v2\/tags?post=9762"}],"curies":[{"name":"wp","href":"https:\/\/api.w.org\/{rel}","templated":true}]}}