{"id":9774,"date":"2024-04-04T11:35:02","date_gmt":"2024-04-04T11:35:02","guid":{"rendered":"https:\/\/trayectoriadeportiva.com\/index.php\/2024\/04\/04\/rudy-fernandez-anuncia-su-retirada-al-final-de-la-temporada\/"},"modified":"2024-04-04T11:35:02","modified_gmt":"2024-04-04T11:35:02","slug":"rudy-fernandez-anuncia-su-retirada-al-final-de-la-temporada","status":"publish","type":"post","link":"https:\/\/trayectoriadeportiva.com\/index.php\/2024\/04\/04\/rudy-fernandez-anuncia-su-retirada-al-final-de-la-temporada\/","title":{"rendered":"Rudy Fern\u00e1ndez anuncia su retirada al final de la temporada"},"content":{"rendered":"<p>Rudy Fern\u00e1ndez, que hoy cumple 39 a\u00f1os, anunci\u00f3 que se retira al t\u00e9rmino de la presente temporada en una rueda de prensa previa al partido de ma\u00f1ana viernes entre el Real Madrid y el Baskonia: &#8220;\u201cCumplo hoy 39 a\u00f1os y me siento muy agradecido de estar vinculado a este club durante tantas temporadas, algo que se est\u00e1 terminando. Llevo muchos a\u00f1os, mucha tralla f\u00edsica y mental y creo que est\u00e1 llegando el momento de pensar en otras cosas que no sea el baloncesto. Voy a disfrutar de lo que me queda en estos meses para seguir cosechando t\u00edtulos con el Real Madrid, pero tengo una edad; me tira much\u00edsimo la familia. F\u00edsica y mentalmente es muy duro porque son much\u00edsimos partidos&#8221;, afirm\u00f3.<\/p>\n<p><a href=\"https:\/\/www.lavanguardia.com\/deportes\/baloncesto\/20240404\/9587840\/rudy-fernandez-auncia-retirada-final-temporada.html\">Seguir leyendo&#8230;<\/a><\/p>","protected":false},"excerpt":{"rendered":"<p>Rudy Fern\u00e1ndez, que hoy cumple 39 a\u00f1os, anunci\u00f3 que se retira al t\u00e9rmino de la presente temporada en una rueda de prensa previa al partido de ma\u00f1ana viernes entre el Real Madrid y el Baskonia: &#8220;\u201cCumplo hoy 39 a\u00f1os y me siento muy agradecido de estar vinculado a este club durante tantas temporadas, algo que [&hellip;]<\/p>\n","protected":false},"author":0,"featured_media":9775,"comment_status":"","ping_status":"","sticky":false,"template":"","format":"standard","meta":{"_et_pb_use_builder":"","_et_pb_old_content":"","_et_gb_content_width":"","footnotes":""},"categories":[1],"tags":[],"class_list":["post-9774","post","type-post","status-publish","format-standard","has-post-thumbnail","hentry","category-blog","et-has-post-format-content","et_post_format-et-post-format-standard"],"_links":{"self":[{"href":"https:\/\/trayectoriadeportiva.com\/index.php\/wp-json\/wp\/v2\/posts\/9774","targetHints":{"allow":["GET"]}}],"collection":[{"href":"https:\/\/trayectoriadeportiva.com\/index.php\/wp-json\/wp\/v2\/posts"}],"about":[{"href":"https:\/\/trayectoriadeportiva.com\/index.php\/wp-json\/wp\/v2\/types\/post"}],"replies":[{"embeddable":true,"href":"https:\/\/trayectoriadeportiva.com\/index.php\/wp-json\/wp\/v2\/comments?post=9774"}],"version-history":[{"count":0,"href":"https:\/\/trayectoriadeportiva.com\/index.php\/wp-json\/wp\/v2\/posts\/9774\/revisions"}],"wp:featuredmedia":[{"embeddable":true,"href":"https:\/\/trayectoriadeportiva.com\/index.php\/wp-json\/wp\/v2\/media\/9775"}],"wp:attachment":[{"href":"https:\/\/trayectoriadeportiva.com\/index.php\/wp-json\/wp\/v2\/media?parent=9774"}],"wp:term":[{"taxonomy":"category","embeddable":true,"href":"https:\/\/trayectoriadeportiva.com\/index.php\/wp-json\/wp\/v2\/categories?post=9774"},{"taxonomy":"post_tag","embeddable":true,"href":"https:\/\/trayectoriadeportiva.com\/index.php\/wp-json\/wp\/v2\/tags?post=9774"}],"curies":[{"name":"wp","href":"https:\/\/api.w.org\/{rel}","templated":true}]}}