{"id":9935,"date":"2024-04-07T10:52:11","date_gmt":"2024-04-07T10:52:11","guid":{"rendered":"https:\/\/trayectoriadeportiva.com\/index.php\/2024\/04\/07\/mbappe-es-el-momento-de-los-grandes-jugadores-no-me-escondere-ante-el-barca\/"},"modified":"2024-04-07T10:52:11","modified_gmt":"2024-04-07T10:52:11","slug":"mbappe-es-el-momento-de-los-grandes-jugadores-no-me-escondere-ante-el-barca","status":"publish","type":"post","link":"https:\/\/trayectoriadeportiva.com\/index.php\/2024\/04\/07\/mbappe-es-el-momento-de-los-grandes-jugadores-no-me-escondere-ante-el-barca\/","title":{"rendered":"Mbapp\u00e9: &#8220;Es el momento de los grandes jugadores, no me esconder\u00e9 ante el Bar\u00e7a&#8221;"},"content":{"rendered":"<p>Kylian Mbapp\u00e9 tiene se\u00f1alado en rojo en su calendario el enfrentamiento de cuartos de final de la Champions League ante el Bar\u00e7a. La estrella del PSG es consciente que el \u00e9xito o fracaso de la temporada pasan en gran parte por la eliminatoria contra los blaugrana y el de Bondy tiene claro que debe dar un paso al frente.<\/p>\n<p><a href=\"https:\/\/www.lavanguardia.com\/deportes\/futbol\/20240407\/9589757\/mbappe-barcelona-psg-champions-cuartos-no-escondere.html\">Seguir leyendo&#8230;<\/a><\/p>","protected":false},"excerpt":{"rendered":"<p>Kylian Mbapp\u00e9 tiene se\u00f1alado en rojo en su calendario el enfrentamiento de cuartos de final de la Champions League ante el Bar\u00e7a. La estrella del PSG es consciente que el \u00e9xito o fracaso de la temporada pasan en gran parte por la eliminatoria contra los blaugrana y el de Bondy tiene claro que debe dar [&hellip;]<\/p>\n","protected":false},"author":0,"featured_media":9936,"comment_status":"","ping_status":"","sticky":false,"template":"","format":"standard","meta":{"_et_pb_use_builder":"","_et_pb_old_content":"","_et_gb_content_width":"","footnotes":""},"categories":[1],"tags":[],"class_list":["post-9935","post","type-post","status-publish","format-standard","has-post-thumbnail","hentry","category-blog","et-has-post-format-content","et_post_format-et-post-format-standard"],"_links":{"self":[{"href":"https:\/\/trayectoriadeportiva.com\/index.php\/wp-json\/wp\/v2\/posts\/9935","targetHints":{"allow":["GET"]}}],"collection":[{"href":"https:\/\/trayectoriadeportiva.com\/index.php\/wp-json\/wp\/v2\/posts"}],"about":[{"href":"https:\/\/trayectoriadeportiva.com\/index.php\/wp-json\/wp\/v2\/types\/post"}],"replies":[{"embeddable":true,"href":"https:\/\/trayectoriadeportiva.com\/index.php\/wp-json\/wp\/v2\/comments?post=9935"}],"version-history":[{"count":0,"href":"https:\/\/trayectoriadeportiva.com\/index.php\/wp-json\/wp\/v2\/posts\/9935\/revisions"}],"wp:featuredmedia":[{"embeddable":true,"href":"https:\/\/trayectoriadeportiva.com\/index.php\/wp-json\/wp\/v2\/media\/9936"}],"wp:attachment":[{"href":"https:\/\/trayectoriadeportiva.com\/index.php\/wp-json\/wp\/v2\/media?parent=9935"}],"wp:term":[{"taxonomy":"category","embeddable":true,"href":"https:\/\/trayectoriadeportiva.com\/index.php\/wp-json\/wp\/v2\/categories?post=9935"},{"taxonomy":"post_tag","embeddable":true,"href":"https:\/\/trayectoriadeportiva.com\/index.php\/wp-json\/wp\/v2\/tags?post=9935"}],"curies":[{"name":"wp","href":"https:\/\/api.w.org\/{rel}","templated":true}]}}